{"id":8050,"date":"2024-08-30T00:52:37","date_gmt":"2024-08-29T22:52:37","guid":{"rendered":"https:\/\/cokalosa.xkpnc7d6bisxm3b6.myfritz.net\/blog\/?p=8050"},"modified":"2024-09-01T08:06:00","modified_gmt":"2024-09-01T06:06:00","slug":"2024-08-27-tag-24-isla-de-gracia-nach-coma-ruga","status":"publish","type":"post","link":"https:\/\/cokalosa.xkpnc7d6bisxm3b6.myfritz.net\/blog\/2024-08-27-tag-24-isla-de-gracia-nach-coma-ruga\/","title":{"rendered":"2024-08-27 &#8211; Tag 24 &#8211; Isla de Gracia nach Coma-ruga"},"content":{"rendered":"\n<p>Lorena und Samuel wachen um kurz nach 8.00 auf, kommen zu uns und h\u00f6ren gleich die anderen Kinder durch die offenen Fenster aus dem Haus. Selten waren sie in diesem Urlaub schneller umgezogen. Das Fr\u00fchst\u00fcck bestand nur aus einem Schokopudding und dann schnell ins Haus zu Santi, Clara, Maria und Pablo. Sie haben kurz zusammen gespielt, nochmal ein bisschen M\u00fcsli nachgeschoben und um 10.30 sind wir losgefahren auf den &#8222;Fischmarkt&#8220;. Auf dem Weg dorthin erz\u00e4hlt uns Ramon etwas \u00fcber die Reisfelder und die Bew\u00e4sserung. Der &#8222;Fischmarkt&#8220; entpuppt sich dann als ein kleines Fischgesch\u00e4ft oder besser: Meeresfr\u00fcchtegesch\u00e4ft. W\u00e4hrend die Kinder die Krebse, Muscheln, Tintenfische, Garnelen, &#8230; bestaunen, kauft Ramon selbige f\u00fcr die Paella. Auf dem R\u00fcckweg zur Isla tanken wir f\u00fcr 1,359 \u20ac\/l. Wieder an der Villa angekommen, bereiten Albert und Ramon alles f\u00fcr die Paella vor und ich wechsle Samuels Reifen am Fahrrad.<\/p>\n\n\n\n<figure class=\"wp-block-image size-large\"><img decoding=\"async\" width=\"960\" height=\"640\" src=\"https:\/\/cokalosa.xkpnc7d6bisxm3b6.myfritz.net\/blog\/wp-content\/uploads\/2024\/08\/img_76383490666815657477154-960x640.jpg\" alt=\"\" class=\"wp-image-8086\" srcset=\"https:\/\/cokalosa.xkpnc7d6bisxm3b6.myfritz.net\/blog\/wp-content\/uploads\/2024\/08\/img_76383490666815657477154-960x640.jpg 960w, https:\/\/cokalosa.xkpnc7d6bisxm3b6.myfritz.net\/blog\/wp-content\/uploads\/2024\/08\/img_76383490666815657477154-240x160.jpg 240w, https:\/\/cokalosa.xkpnc7d6bisxm3b6.myfritz.net\/blog\/wp-content\/uploads\/2024\/08\/img_76383490666815657477154-100x67.jpg 100w, https:\/\/cokalosa.xkpnc7d6bisxm3b6.myfritz.net\/blog\/wp-content\/uploads\/2024\/08\/img_76383490666815657477154-768x512.jpg 768w, https:\/\/cokalosa.xkpnc7d6bisxm3b6.myfritz.net\/blog\/wp-content\/uploads\/2024\/08\/img_76383490666815657477154-1536x1024.jpg 1536w, https:\/\/cokalosa.xkpnc7d6bisxm3b6.myfritz.net\/blog\/wp-content\/uploads\/2024\/08\/img_76383490666815657477154.jpg 1999w\" sizes=\"(max-width: 767px) 89vw, (max-width: 1000px) 54vw, (max-width: 1071px) 543px, 580px\" \/><figcaption class=\"wp-element-caption\">Family-Cooking<\/figcaption><\/figure>\n\n\n\n<p>Danach darf ich ein bisschen bei der Paella mithelfen. Zwiebeln, rote und gr\u00fcne Paprika und Zucchini hat Carmen bereits klein geschnitten und angebraten. Au\u00dferdem hat sie 3 Liter Fischfond und Gem\u00fcsebr\u00fche aufgekocht. Ramon und ich richten die Paella-Pfanne auf dem speziellen Gaskocher aus und braten 5 min den klein geschnittenen Tintenfisch an, der dann wieder aus der Pfanne raus zur Zwiebel-Paprika-Zuchhini-Mischung&nbsp; kommt; obendrauf noch einen gro\u00dfen Klacks passierte Tomaten und dann zur Seite stellen. Jetzt braten wir die Garnelen\/Gambas\/Langusten\/? an, nat\u00fcrlich in reichlich \u00d6l und dann wieder zur Seite stellen.<\/p>\n\n\n\n<figure class=\"wp-block-image size-large\"><img decoding=\"async\" width=\"960\" height=\"640\" src=\"https:\/\/cokalosa.xkpnc7d6bisxm3b6.myfritz.net\/blog\/wp-content\/uploads\/2024\/08\/img_76503352199800749400641-960x640.jpg\" alt=\"\" class=\"wp-image-8084\" srcset=\"https:\/\/cokalosa.xkpnc7d6bisxm3b6.myfritz.net\/blog\/wp-content\/uploads\/2024\/08\/img_76503352199800749400641-960x640.jpg 960w, https:\/\/cokalosa.xkpnc7d6bisxm3b6.myfritz.net\/blog\/wp-content\/uploads\/2024\/08\/img_76503352199800749400641-240x160.jpg 240w, https:\/\/cokalosa.xkpnc7d6bisxm3b6.myfritz.net\/blog\/wp-content\/uploads\/2024\/08\/img_76503352199800749400641-100x67.jpg 100w, https:\/\/cokalosa.xkpnc7d6bisxm3b6.myfritz.net\/blog\/wp-content\/uploads\/2024\/08\/img_76503352199800749400641-768x512.jpg 768w, https:\/\/cokalosa.xkpnc7d6bisxm3b6.myfritz.net\/blog\/wp-content\/uploads\/2024\/08\/img_76503352199800749400641-1536x1024.jpg 1536w, https:\/\/cokalosa.xkpnc7d6bisxm3b6.myfritz.net\/blog\/wp-content\/uploads\/2024\/08\/img_76503352199800749400641.jpg 1999w\" sizes=\"(max-width: 767px) 89vw, (max-width: 1000px) 54vw, (max-width: 1071px) 543px, 580px\" \/><\/figure>\n\n\n\n<p>Jetzt kommt die Gem\u00fcsemischung zusammen mit einem guten Schuss Wei\u00dfwein in die Pfanne. Sobald der Wei\u00dfwein rausreduziert ist, kommt der Reis mit in die Pfanne. Alles gut vermischen und mit der Fischfonbr\u00fche abl\u00f6schen. Bei unserer schwarzen Paella kommt jetzt noch die Tinte vom Tintenfisch dazu und dann gut 10 min k\u00f6cheln lassen.<\/p>\n\n\n\n<figure class=\"wp-block-image size-large\"><img decoding=\"async\" width=\"960\" height=\"640\" src=\"https:\/\/cokalosa.xkpnc7d6bisxm3b6.myfritz.net\/blog\/wp-content\/uploads\/2024\/08\/img_76602349533804171692051-960x640.jpg\" alt=\"\" class=\"wp-image-8085\" srcset=\"https:\/\/cokalosa.xkpnc7d6bisxm3b6.myfritz.net\/blog\/wp-content\/uploads\/2024\/08\/img_76602349533804171692051-960x640.jpg 960w, https:\/\/cokalosa.xkpnc7d6bisxm3b6.myfritz.net\/blog\/wp-content\/uploads\/2024\/08\/img_76602349533804171692051-240x160.jpg 240w, https:\/\/cokalosa.xkpnc7d6bisxm3b6.myfritz.net\/blog\/wp-content\/uploads\/2024\/08\/img_76602349533804171692051-100x67.jpg 100w, https:\/\/cokalosa.xkpnc7d6bisxm3b6.myfritz.net\/blog\/wp-content\/uploads\/2024\/08\/img_76602349533804171692051-768x512.jpg 768w, https:\/\/cokalosa.xkpnc7d6bisxm3b6.myfritz.net\/blog\/wp-content\/uploads\/2024\/08\/img_76602349533804171692051-1536x1024.jpg 1536w, https:\/\/cokalosa.xkpnc7d6bisxm3b6.myfritz.net\/blog\/wp-content\/uploads\/2024\/08\/img_76602349533804171692051.jpg 1999w\" sizes=\"(max-width: 767px) 89vw, (max-width: 1000px) 54vw, (max-width: 1071px) 543px, 580px\" \/><figcaption class=\"wp-element-caption\">Ramon gibt die Tinte zur Paella<\/figcaption><\/figure>\n\n\n\n<p>Dann steckt man die Muscheln in den Reis und wartet noch einmal knapp 10 Minuten, bis sie sich \u00f6ffnen. F\u00fcr das Finale werden die Gambas und Garnelen dekorativ oben aufgelegt und dann ab auf den Teller damit.<\/p>\n\n\n\n<figure class=\"wp-block-image size-large\"><img decoding=\"async\" width=\"723\" height=\"960\" src=\"https:\/\/cokalosa.xkpnc7d6bisxm3b6.myfritz.net\/blog\/wp-content\/uploads\/2024\/08\/pxl_20240827_1234551615499030896607762674-723x960.jpg\" alt=\"\" class=\"wp-image-8049\" srcset=\"https:\/\/cokalosa.xkpnc7d6bisxm3b6.myfritz.net\/blog\/wp-content\/uploads\/2024\/08\/pxl_20240827_1234551615499030896607762674-723x960.jpg 723w, https:\/\/cokalosa.xkpnc7d6bisxm3b6.myfritz.net\/blog\/wp-content\/uploads\/2024\/08\/pxl_20240827_1234551615499030896607762674-181x240.jpg 181w, https:\/\/cokalosa.xkpnc7d6bisxm3b6.myfritz.net\/blog\/wp-content\/uploads\/2024\/08\/pxl_20240827_1234551615499030896607762674-75x100.jpg 75w, https:\/\/cokalosa.xkpnc7d6bisxm3b6.myfritz.net\/blog\/wp-content\/uploads\/2024\/08\/pxl_20240827_1234551615499030896607762674-768x1020.jpg 768w, https:\/\/cokalosa.xkpnc7d6bisxm3b6.myfritz.net\/blog\/wp-content\/uploads\/2024\/08\/pxl_20240827_1234551615499030896607762674-1157x1536.jpg 1157w, https:\/\/cokalosa.xkpnc7d6bisxm3b6.myfritz.net\/blog\/wp-content\/uploads\/2024\/08\/pxl_20240827_1234551615499030896607762674.jpg 1506w\" sizes=\"(max-width: 723px) 100vw, 723px\" \/><figcaption class=\"wp-element-caption\">Paella negro<\/figcaption><\/figure>\n\n\n\n<p>Es schmeckt megalecker und auch Samuel und Lorena essen f\u00fcr ihre Verh\u00e4ltnisse eine ordentliche Portion, Lorena haupts\u00e4chlich Muscheln. Direkt nach dem Essen verabschieden sich Aurelius und Albert, weil um 15.30 ihr Kitesurf-Kurs beginnt. Wir helfen noch kurz mit beim abr\u00e4umen und verabschieden uns dann auch. Es ist 16.45 als wir aufbrechen. Zwei Stunden sp\u00e4ter erreichen wir den Lidl in Coma-ruga (Cordula springt schnell alleine rein f\u00fcr Brot, Wein und Nachtisch). Am Camping Franc\u00e0s werden wir wieder sehr freundlich begr\u00fc\u00dft und stellen den Wohnwagen zwischen Restaurant und Rezeption ab. Cordula geht noch eine Runde ins Meer und die Kinder lassen die Krebse frei, die sie am Vormittag im Meeresfr\u00fcchtegesch\u00e4ft bekommen haben.<\/p>\n\n\n\n<figure class=\"wp-block-image size-large\"><img decoding=\"async\" width=\"960\" height=\"640\" src=\"https:\/\/cokalosa.xkpnc7d6bisxm3b6.myfritz.net\/blog\/wp-content\/uploads\/2024\/09\/img_77217626422544054730571-960x640.jpg\" alt=\"\" class=\"wp-image-8105\" srcset=\"https:\/\/cokalosa.xkpnc7d6bisxm3b6.myfritz.net\/blog\/wp-content\/uploads\/2024\/09\/img_77217626422544054730571-960x640.jpg 960w, https:\/\/cokalosa.xkpnc7d6bisxm3b6.myfritz.net\/blog\/wp-content\/uploads\/2024\/09\/img_77217626422544054730571-240x160.jpg 240w, https:\/\/cokalosa.xkpnc7d6bisxm3b6.myfritz.net\/blog\/wp-content\/uploads\/2024\/09\/img_77217626422544054730571-100x67.jpg 100w, https:\/\/cokalosa.xkpnc7d6bisxm3b6.myfritz.net\/blog\/wp-content\/uploads\/2024\/09\/img_77217626422544054730571-768x512.jpg 768w, https:\/\/cokalosa.xkpnc7d6bisxm3b6.myfritz.net\/blog\/wp-content\/uploads\/2024\/09\/img_77217626422544054730571-1536x1024.jpg 1536w, https:\/\/cokalosa.xkpnc7d6bisxm3b6.myfritz.net\/blog\/wp-content\/uploads\/2024\/09\/img_77217626422544054730571.jpg 1999w\" sizes=\"(max-width: 767px) 89vw, (max-width: 1000px) 54vw, (max-width: 1071px) 543px, 580px\" \/><figcaption class=\"wp-element-caption\">Samuels bestaunt &#8222;seinen&#8220; Krebs auf dem Weg in die Freiheit<\/figcaption><\/figure>\n\n\n\n<p>Beim Abendessen ist es bereits fast ganz dunkel, was Lorena \u00fcberhaupt nicht passt. Sie ist einfach ziemlich \u00fcberm\u00fcdet. Um kurz vor 22.00 schlafen beide.<\/p>\n\n\n\n<figure class=\"wp-block-image size-large\"><img decoding=\"async\" width=\"960\" height=\"723\" src=\"https:\/\/cokalosa.xkpnc7d6bisxm3b6.myfritz.net\/blog\/wp-content\/uploads\/2024\/08\/pxl_20240827_1738585786224222818325523041-960x723.jpg\" alt=\"\" class=\"wp-image-8048\" srcset=\"https:\/\/cokalosa.xkpnc7d6bisxm3b6.myfritz.net\/blog\/wp-content\/uploads\/2024\/08\/pxl_20240827_1738585786224222818325523041-960x723.jpg 960w, https:\/\/cokalosa.xkpnc7d6bisxm3b6.myfritz.net\/blog\/wp-content\/uploads\/2024\/08\/pxl_20240827_1738585786224222818325523041-240x181.jpg 240w, https:\/\/cokalosa.xkpnc7d6bisxm3b6.myfritz.net\/blog\/wp-content\/uploads\/2024\/08\/pxl_20240827_1738585786224222818325523041-100x75.jpg 100w, https:\/\/cokalosa.xkpnc7d6bisxm3b6.myfritz.net\/blog\/wp-content\/uploads\/2024\/08\/pxl_20240827_1738585786224222818325523041-768x578.jpg 768w, https:\/\/cokalosa.xkpnc7d6bisxm3b6.myfritz.net\/blog\/wp-content\/uploads\/2024\/08\/pxl_20240827_1738585786224222818325523041-1536x1157.jpg 1536w, https:\/\/cokalosa.xkpnc7d6bisxm3b6.myfritz.net\/blog\/wp-content\/uploads\/2024\/08\/pxl_20240827_1738585786224222818325523041.jpg 2000w\" sizes=\"(max-width: 767px) 89vw, (max-width: 1000px) 54vw, (max-width: 1071px) 543px, 580px\" \/><figcaption class=\"wp-element-caption\">Unser Stellplatz im Camping Franc\u00e0s<\/figcaption><\/figure>\n\n\n\n<figure class=\"wp-block-image size-large\"><img decoding=\"async\" width=\"515\" height=\"960\" src=\"https:\/\/cokalosa.xkpnc7d6bisxm3b6.myfritz.net\/blog\/wp-content\/uploads\/2024\/09\/screenshot_20240901-07543838294776815883363-515x960.png\" alt=\"\" class=\"wp-image-8098\" srcset=\"https:\/\/cokalosa.xkpnc7d6bisxm3b6.myfritz.net\/blog\/wp-content\/uploads\/2024\/09\/screenshot_20240901-07543838294776815883363-515x960.png 515w, https:\/\/cokalosa.xkpnc7d6bisxm3b6.myfritz.net\/blog\/wp-content\/uploads\/2024\/09\/screenshot_20240901-07543838294776815883363-129x240.png 129w, https:\/\/cokalosa.xkpnc7d6bisxm3b6.myfritz.net\/blog\/wp-content\/uploads\/2024\/09\/screenshot_20240901-07543838294776815883363-54x100.png 54w, https:\/\/cokalosa.xkpnc7d6bisxm3b6.myfritz.net\/blog\/wp-content\/uploads\/2024\/09\/screenshot_20240901-07543838294776815883363-768x1431.png 768w, https:\/\/cokalosa.xkpnc7d6bisxm3b6.myfritz.net\/blog\/wp-content\/uploads\/2024\/09\/screenshot_20240901-07543838294776815883363-824x1536.png 824w, https:\/\/cokalosa.xkpnc7d6bisxm3b6.myfritz.net\/blog\/wp-content\/uploads\/2024\/09\/screenshot_20240901-07543838294776815883363.png 863w\" sizes=\"(max-width: 515px) 100vw, 515px\" \/><figcaption class=\"wp-element-caption\">https:\/\/maps.app.goo.gl\/WvrRCvuy6kCrzv4f8<\/figcaption><\/figure>\n","protected":false},"excerpt":{"rendered":"<p>Lorena und Samuel wachen um kurz nach 8.00 auf, kommen zu uns und h\u00f6ren gleich die anderen Kinder durch die offenen Fenster aus dem Haus. Selten waren sie in diesem Urlaub schneller umgezogen. Das Fr\u00fchst\u00fcck bestand nur aus einem Schokopudding und dann schnell ins Haus zu Santi, Clara, Maria und Pablo. Sie haben kurz zusammen &hellip; <\/p>\n<p class=\"link-more\"><a href=\"https:\/\/cokalosa.xkpnc7d6bisxm3b6.myfritz.net\/blog\/2024-08-27-tag-24-isla-de-gracia-nach-coma-ruga\/\" class=\"more-link\"><span class=\"screen-reader-text\">\u201e2024-08-27 &#8211; Tag 24 &#8211; Isla de Gracia nach Coma-ruga\u201c<\/span> weiterlesen<\/a><\/p>\n","protected":false},"author":4,"featured_media":0,"comment_status":"open","ping_status":"open","sticky":false,"template":"","format":"standard","meta":[],"categories":[152],"tags":[84,133,92,38,102],"_links":{"self":[{"href":"https:\/\/cokalosa.xkpnc7d6bisxm3b6.myfritz.net\/blog\/wp-json\/wp\/v2\/posts\/8050"}],"collection":[{"href":"https:\/\/cokalosa.xkpnc7d6bisxm3b6.myfritz.net\/blog\/wp-json\/wp\/v2\/posts"}],"about":[{"href":"https:\/\/cokalosa.xkpnc7d6bisxm3b6.myfritz.net\/blog\/wp-json\/wp\/v2\/types\/post"}],"author":[{"embeddable":true,"href":"https:\/\/cokalosa.xkpnc7d6bisxm3b6.myfritz.net\/blog\/wp-json\/wp\/v2\/users\/4"}],"replies":[{"embeddable":true,"href":"https:\/\/cokalosa.xkpnc7d6bisxm3b6.myfritz.net\/blog\/wp-json\/wp\/v2\/comments?post=8050"}],"version-history":[{"count":4,"href":"https:\/\/cokalosa.xkpnc7d6bisxm3b6.myfritz.net\/blog\/wp-json\/wp\/v2\/posts\/8050\/revisions"}],"predecessor-version":[{"id":8106,"href":"https:\/\/cokalosa.xkpnc7d6bisxm3b6.myfritz.net\/blog\/wp-json\/wp\/v2\/posts\/8050\/revisions\/8106"}],"wp:attachment":[{"href":"https:\/\/cokalosa.xkpnc7d6bisxm3b6.myfritz.net\/blog\/wp-json\/wp\/v2\/media?parent=8050"}],"wp:term":[{"taxonomy":"category","embeddable":true,"href":"https:\/\/cokalosa.xkpnc7d6bisxm3b6.myfritz.net\/blog\/wp-json\/wp\/v2\/categories?post=8050"},{"taxonomy":"post_tag","embeddable":true,"href":"https:\/\/cokalosa.xkpnc7d6bisxm3b6.myfritz.net\/blog\/wp-json\/wp\/v2\/tags?post=8050"}],"curies":[{"name":"wp","href":"https:\/\/api.w.org\/{rel}","templated":true}]}}