{"id":7843,"date":"2024-08-07T22:58:59","date_gmt":"2024-08-07T20:58:59","guid":{"rendered":"https:\/\/cokalosa.xkpnc7d6bisxm3b6.myfritz.net\/blog\/?p=7843"},"modified":"2024-08-24T08:54:22","modified_gmt":"2024-08-24T06:54:22","slug":"2024-08-06-tag-03-vom-lug-ins-land-campingpark-nach-camping-la-cle-de-saone","status":"publish","type":"post","link":"https:\/\/cokalosa.xkpnc7d6bisxm3b6.myfritz.net\/blog\/2024-08-06-tag-03-vom-lug-ins-land-campingpark-nach-camping-la-cle-de-saone\/","title":{"rendered":"2024-08-06 &#8211; Tag 03 &#8211; Vom Lug ins Land Campingpark nach Camping La Cl\u00e9 de Sa\u00f4ne"},"content":{"rendered":"\n<p>Nach dem Aufstehen und Fr\u00fchst\u00fccken gehen Lorena und Samuel zwei Runden Ponyreiten. Das ist zwar nichts Besonderes, aber jetzt haben sie das auch mal gemacht und es kostete nichts: super Service vom Campingplatz. Danach packen wir alles zusammen und checken um kurz vor 11.00 aus. Nach einem Zwischenstopp an der Packstation liefern wir Cordula bei einem Zahnarzt in Schliengen ab. W\u00e4hrend Cordula auf die Behandlung ihres abgebrochenen Schneidezahns wartet, fahre ich mit den Kindern nach M\u00fcllheim, um bei einem Fahrradladen einen Mantel f\u00fcr Samuels Fahrrad zu kaufen. Der erste Laden liegt mitten in der Stadt und parken ist unm\u00f6glich. Ich suche einen Parkplatz, um in Ruhe einen anderen L\u00e4den zu finden und habe Gl\u00fcck, dass ich am Stadtrand einen Parkplatz finde, von dem ich nur zwei Minuten zu einem Fahrradladen laufe.<\/p>\n\n\n\n<p>Cordula ist noch nicht dran, also fahren wir zum dm um Haferdrink zu kaufen. Kurz nach der Abfahrt in M\u00fcllheim Bremer ich an einem Kreisverkehr und es macht einen lauten Rumms. Im R\u00fcckspiegel sehe ich, dass dies R\u00e4der schief liegen und sofort f\u00e4llt mir ein, dass ich vergessen hatte die Klappfunktion des Fahrradtr\u00e4ger zu verriegeln. Mist! Ich finde schnell einen Platz zum Halten. Gl\u00fcck gehabt: Cordulas Rad ist mit dem Softgrip des Lenkers auf die Heckscheibe geknallt und es ist nichts kaputt oder verbogen. Also weiter zum Tanken und zum dm. Als ich dort fertig bin, ist auch Cordula fertig und ich gable sie kurz darauf auf. Da es schon kurz vor 13.00 ist, holen wir uns das Mittagessen f\u00fcr die Fahrt bei McDonald&#8217;s.<\/p>\n\n\n\n<p>Das Essen ist auch spannender als die wenig abwechslungsreiche Fahrt. Um kurz vor 18.00 kommen wir am Campingplatz La Cl\u00e9 de Sa\u00f4ne an und d\u00fcrfen und einen Platz aussuchen. Es ist wenig los und die Stellpl\u00e4tze liegen gro\u00dfz\u00fcgig unter Ahornb\u00e4umen.<\/p>\n\n\n\n<figure class=\"wp-block-image size-large\"><img decoding=\"async\" width=\"960\" height=\"723\" src=\"https:\/\/cokalosa.xkpnc7d6bisxm3b6.myfritz.net\/blog\/wp-content\/uploads\/2024\/08\/pxl_20240807_0709063364669344179170572448-960x723.jpg\" alt=\"\" class=\"wp-image-7894\" srcset=\"https:\/\/cokalosa.xkpnc7d6bisxm3b6.myfritz.net\/blog\/wp-content\/uploads\/2024\/08\/pxl_20240807_0709063364669344179170572448-960x723.jpg 960w, https:\/\/cokalosa.xkpnc7d6bisxm3b6.myfritz.net\/blog\/wp-content\/uploads\/2024\/08\/pxl_20240807_0709063364669344179170572448-240x181.jpg 240w, https:\/\/cokalosa.xkpnc7d6bisxm3b6.myfritz.net\/blog\/wp-content\/uploads\/2024\/08\/pxl_20240807_0709063364669344179170572448-100x75.jpg 100w, https:\/\/cokalosa.xkpnc7d6bisxm3b6.myfritz.net\/blog\/wp-content\/uploads\/2024\/08\/pxl_20240807_0709063364669344179170572448-768x578.jpg 768w, https:\/\/cokalosa.xkpnc7d6bisxm3b6.myfritz.net\/blog\/wp-content\/uploads\/2024\/08\/pxl_20240807_0709063364669344179170572448-1536x1157.jpg 1536w, https:\/\/cokalosa.xkpnc7d6bisxm3b6.myfritz.net\/blog\/wp-content\/uploads\/2024\/08\/pxl_20240807_0709063364669344179170572448.jpg 2000w\" sizes=\"(max-width: 767px) 89vw, (max-width: 1000px) 54vw, (max-width: 1071px) 543px, 580px\" \/><figcaption class=\"wp-element-caption\">Unser Stellplatz beim Camping La Cl\u00e9 de Sa\u00f4ne<\/figcaption><\/figure>\n\n\n\n<p>Wir nehmen einen Platz in der zweiten Reihe von Fluss und richten uns ein. Zum Abendessen gibt es bei immer noch knapp 30\u00b0 Brotzeit und eine M\u00f6hrensuppe aus der Dose.<\/p>\n\n\n\n<figure class=\"wp-block-image size-large\"><img decoding=\"async\" width=\"960\" height=\"720\" src=\"https:\/\/cokalosa.xkpnc7d6bisxm3b6.myfritz.net\/blog\/wp-content\/uploads\/2024\/08\/wp-1723319426728984437668236565870-960x720.jpg\" alt=\"\" class=\"wp-image-7868\" srcset=\"https:\/\/cokalosa.xkpnc7d6bisxm3b6.myfritz.net\/blog\/wp-content\/uploads\/2024\/08\/wp-1723319426728984437668236565870-960x720.jpg 960w, https:\/\/cokalosa.xkpnc7d6bisxm3b6.myfritz.net\/blog\/wp-content\/uploads\/2024\/08\/wp-1723319426728984437668236565870-240x180.jpg 240w, https:\/\/cokalosa.xkpnc7d6bisxm3b6.myfritz.net\/blog\/wp-content\/uploads\/2024\/08\/wp-1723319426728984437668236565870-100x75.jpg 100w, https:\/\/cokalosa.xkpnc7d6bisxm3b6.myfritz.net\/blog\/wp-content\/uploads\/2024\/08\/wp-1723319426728984437668236565870-768x576.jpg 768w, https:\/\/cokalosa.xkpnc7d6bisxm3b6.myfritz.net\/blog\/wp-content\/uploads\/2024\/08\/wp-1723319426728984437668236565870-1536x1152.jpg 1536w, https:\/\/cokalosa.xkpnc7d6bisxm3b6.myfritz.net\/blog\/wp-content\/uploads\/2024\/08\/wp-1723319426728984437668236565870.jpg 2000w\" sizes=\"(max-width: 767px) 89vw, (max-width: 1000px) 54vw, (max-width: 1071px) 543px, 580px\" \/><figcaption class=\"wp-element-caption\">Abendessen<\/figcaption><\/figure>\n\n\n\n<p>Bis die Kinder schlafen ist es leider 21.30. Ein bisschen mehr Schlaf w\u00fcrde ihnen nicht schaden.<\/p>\n\n\n\n<figure class=\"wp-block-image size-large\"><img decoding=\"async\" width=\"514\" height=\"960\" src=\"https:\/\/cokalosa.xkpnc7d6bisxm3b6.myfritz.net\/blog\/wp-content\/uploads\/2024\/08\/screenshot_20240824-0852162689618611056668269-514x960.png\" alt=\"\" class=\"wp-image-8010\" srcset=\"https:\/\/cokalosa.xkpnc7d6bisxm3b6.myfritz.net\/blog\/wp-content\/uploads\/2024\/08\/screenshot_20240824-0852162689618611056668269-514x960.png 514w, https:\/\/cokalosa.xkpnc7d6bisxm3b6.myfritz.net\/blog\/wp-content\/uploads\/2024\/08\/screenshot_20240824-0852162689618611056668269-128x240.png 128w, https:\/\/cokalosa.xkpnc7d6bisxm3b6.myfritz.net\/blog\/wp-content\/uploads\/2024\/08\/screenshot_20240824-0852162689618611056668269-53x100.png 53w, https:\/\/cokalosa.xkpnc7d6bisxm3b6.myfritz.net\/blog\/wp-content\/uploads\/2024\/08\/screenshot_20240824-0852162689618611056668269-768x1436.png 768w, https:\/\/cokalosa.xkpnc7d6bisxm3b6.myfritz.net\/blog\/wp-content\/uploads\/2024\/08\/screenshot_20240824-0852162689618611056668269-822x1536.png 822w, https:\/\/cokalosa.xkpnc7d6bisxm3b6.myfritz.net\/blog\/wp-content\/uploads\/2024\/08\/screenshot_20240824-0852162689618611056668269.png 864w\" sizes=\"(max-width: 514px) 100vw, 514px\" \/><figcaption class=\"wp-element-caption\">Unser Stellplatz: https:\/\/maps.app.goo.gl\/Yh543qHTMHMNmHaR6<\/figcaption><\/figure>\n","protected":false},"excerpt":{"rendered":"<p>Nach dem Aufstehen und Fr\u00fchst\u00fccken gehen Lorena und Samuel zwei Runden Ponyreiten. Das ist zwar nichts Besonderes, aber jetzt haben sie das auch mal gemacht und es kostete nichts: super Service vom Campingplatz. Danach packen wir alles zusammen und checken um kurz vor 11.00 aus. Nach einem Zwischenstopp an der Packstation liefern wir Cordula bei &hellip; <\/p>\n<p class=\"link-more\"><a href=\"https:\/\/cokalosa.xkpnc7d6bisxm3b6.myfritz.net\/blog\/2024-08-06-tag-03-vom-lug-ins-land-campingpark-nach-camping-la-cle-de-saone\/\" class=\"more-link\"><span class=\"screen-reader-text\">\u201e2024-08-06 &#8211; Tag 03 &#8211; Vom Lug ins Land Campingpark nach Camping La Cl\u00e9 de Sa\u00f4ne\u201c<\/span> weiterlesen<\/a><\/p>\n","protected":false},"author":4,"featured_media":0,"comment_status":"open","ping_status":"open","sticky":false,"template":"","format":"standard","meta":[],"categories":[152],"tags":[84,153,133,38,102],"_links":{"self":[{"href":"https:\/\/cokalosa.xkpnc7d6bisxm3b6.myfritz.net\/blog\/wp-json\/wp\/v2\/posts\/7843"}],"collection":[{"href":"https:\/\/cokalosa.xkpnc7d6bisxm3b6.myfritz.net\/blog\/wp-json\/wp\/v2\/posts"}],"about":[{"href":"https:\/\/cokalosa.xkpnc7d6bisxm3b6.myfritz.net\/blog\/wp-json\/wp\/v2\/types\/post"}],"author":[{"embeddable":true,"href":"https:\/\/cokalosa.xkpnc7d6bisxm3b6.myfritz.net\/blog\/wp-json\/wp\/v2\/users\/4"}],"replies":[{"embeddable":true,"href":"https:\/\/cokalosa.xkpnc7d6bisxm3b6.myfritz.net\/blog\/wp-json\/wp\/v2\/comments?post=7843"}],"version-history":[{"count":4,"href":"https:\/\/cokalosa.xkpnc7d6bisxm3b6.myfritz.net\/blog\/wp-json\/wp\/v2\/posts\/7843\/revisions"}],"predecessor-version":[{"id":8011,"href":"https:\/\/cokalosa.xkpnc7d6bisxm3b6.myfritz.net\/blog\/wp-json\/wp\/v2\/posts\/7843\/revisions\/8011"}],"wp:attachment":[{"href":"https:\/\/cokalosa.xkpnc7d6bisxm3b6.myfritz.net\/blog\/wp-json\/wp\/v2\/media?parent=7843"}],"wp:term":[{"taxonomy":"category","embeddable":true,"href":"https:\/\/cokalosa.xkpnc7d6bisxm3b6.myfritz.net\/blog\/wp-json\/wp\/v2\/categories?post=7843"},{"taxonomy":"post_tag","embeddable":true,"href":"https:\/\/cokalosa.xkpnc7d6bisxm3b6.myfritz.net\/blog\/wp-json\/wp\/v2\/tags?post=7843"}],"curies":[{"name":"wp","href":"https:\/\/api.w.org\/{rel}","templated":true}]}}