{"id":7513,"date":"2023-11-10T21:38:43","date_gmt":"2023-11-10T20:38:43","guid":{"rendered":"https:\/\/cokalosa.xkpnc7d6bisxm3b6.myfritz.net\/blog\/?p=7513"},"modified":"2023-11-12T19:42:57","modified_gmt":"2023-11-12T18:42:57","slug":"st-martin","status":"publish","type":"post","link":"https:\/\/cokalosa.xkpnc7d6bisxm3b6.myfritz.net\/blog\/st-martin\/","title":{"rendered":"St. Martin"},"content":{"rendered":"\n<p>Am Donnerstag, 09.11.2023 ist um 17 Uhr Laternenlauf im Stadtpark mit dem gesamten Kindergarten. Lorena ist nat\u00fcrlich auch dabei und freut sich Kindergartenfreunde zu treffen. Leider f\u00e4ngt es zu regnen an. Wir stehen dann trotzdem noch unter der Parkb\u00fchne zusammen und die Kinder spielen. <\/p>\n\n\n\n<figure class=\"wp-block-image\"><img decoding=\"async\" width=\"1920\" height=\"2560\" src=\"https:\/\/cokalosa.xkpnc7d6bisxm3b6.myfritz.net\/blog\/wp-content\/uploads\/2023\/11\/wp-16998138739013192263845657991244-scaled.jpg\" alt=\"\" class=\"wp-image-7512\" srcset=\"https:\/\/cokalosa.xkpnc7d6bisxm3b6.myfritz.net\/blog\/wp-content\/uploads\/2023\/11\/wp-16998138739013192263845657991244-scaled.jpg 1920w, https:\/\/cokalosa.xkpnc7d6bisxm3b6.myfritz.net\/blog\/wp-content\/uploads\/2023\/11\/wp-16998138739013192263845657991244-180x240.jpg 180w, https:\/\/cokalosa.xkpnc7d6bisxm3b6.myfritz.net\/blog\/wp-content\/uploads\/2023\/11\/wp-16998138739013192263845657991244-720x960.jpg 720w, https:\/\/cokalosa.xkpnc7d6bisxm3b6.myfritz.net\/blog\/wp-content\/uploads\/2023\/11\/wp-16998138739013192263845657991244-75x100.jpg 75w, https:\/\/cokalosa.xkpnc7d6bisxm3b6.myfritz.net\/blog\/wp-content\/uploads\/2023\/11\/wp-16998138739013192263845657991244-768x1024.jpg 768w, https:\/\/cokalosa.xkpnc7d6bisxm3b6.myfritz.net\/blog\/wp-content\/uploads\/2023\/11\/wp-16998138739013192263845657991244-1152x1536.jpg 1152w, https:\/\/cokalosa.xkpnc7d6bisxm3b6.myfritz.net\/blog\/wp-content\/uploads\/2023\/11\/wp-16998138739013192263845657991244-1536x2048.jpg 1536w\" sizes=\"(max-width: 767px) 89vw, (max-width: 1000px) 54vw, (max-width: 1071px) 543px, 580px\" \/><\/figure>\n\n\n\n<figure class=\"wp-block-image size-large\"><img decoding=\"async\" width=\"720\" height=\"960\" src=\"https:\/\/cokalosa.xkpnc7d6bisxm3b6.myfritz.net\/blog\/wp-content\/uploads\/2023\/11\/wp-16998143872397908083773450109168-720x960.jpg\" alt=\"\" class=\"wp-image-7516\" srcset=\"https:\/\/cokalosa.xkpnc7d6bisxm3b6.myfritz.net\/blog\/wp-content\/uploads\/2023\/11\/wp-16998143872397908083773450109168-720x960.jpg 720w, https:\/\/cokalosa.xkpnc7d6bisxm3b6.myfritz.net\/blog\/wp-content\/uploads\/2023\/11\/wp-16998143872397908083773450109168-180x240.jpg 180w, https:\/\/cokalosa.xkpnc7d6bisxm3b6.myfritz.net\/blog\/wp-content\/uploads\/2023\/11\/wp-16998143872397908083773450109168-75x100.jpg 75w, https:\/\/cokalosa.xkpnc7d6bisxm3b6.myfritz.net\/blog\/wp-content\/uploads\/2023\/11\/wp-16998143872397908083773450109168-768x1024.jpg 768w, https:\/\/cokalosa.xkpnc7d6bisxm3b6.myfritz.net\/blog\/wp-content\/uploads\/2023\/11\/wp-16998143872397908083773450109168-1152x1536.jpg 1152w, https:\/\/cokalosa.xkpnc7d6bisxm3b6.myfritz.net\/blog\/wp-content\/uploads\/2023\/11\/wp-16998143872397908083773450109168-1536x2048.jpg 1536w, https:\/\/cokalosa.xkpnc7d6bisxm3b6.myfritz.net\/blog\/wp-content\/uploads\/2023\/11\/wp-16998143872397908083773450109168-scaled.jpg 1920w\" sizes=\"(max-width: 720px) 100vw, 720px\" \/><figcaption class=\"wp-element-caption\">Lorenas Laterne aus dem Hort<\/figcaption><\/figure>\n\n\n\n<figure class=\"wp-block-image\"><img decoding=\"async\" width=\"1920\" height=\"2560\" src=\"https:\/\/cokalosa.xkpnc7d6bisxm3b6.myfritz.net\/blog\/wp-content\/uploads\/2023\/11\/wp-16998143867814418573815075943709-scaled.jpg\" alt=\"\" class=\"wp-image-7515\" srcset=\"https:\/\/cokalosa.xkpnc7d6bisxm3b6.myfritz.net\/blog\/wp-content\/uploads\/2023\/11\/wp-16998143867814418573815075943709-scaled.jpg 1920w, https:\/\/cokalosa.xkpnc7d6bisxm3b6.myfritz.net\/blog\/wp-content\/uploads\/2023\/11\/wp-16998143867814418573815075943709-180x240.jpg 180w, https:\/\/cokalosa.xkpnc7d6bisxm3b6.myfritz.net\/blog\/wp-content\/uploads\/2023\/11\/wp-16998143867814418573815075943709-720x960.jpg 720w, https:\/\/cokalosa.xkpnc7d6bisxm3b6.myfritz.net\/blog\/wp-content\/uploads\/2023\/11\/wp-16998143867814418573815075943709-75x100.jpg 75w, https:\/\/cokalosa.xkpnc7d6bisxm3b6.myfritz.net\/blog\/wp-content\/uploads\/2023\/11\/wp-16998143867814418573815075943709-768x1024.jpg 768w, https:\/\/cokalosa.xkpnc7d6bisxm3b6.myfritz.net\/blog\/wp-content\/uploads\/2023\/11\/wp-16998143867814418573815075943709-1152x1536.jpg 1152w, https:\/\/cokalosa.xkpnc7d6bisxm3b6.myfritz.net\/blog\/wp-content\/uploads\/2023\/11\/wp-16998143867814418573815075943709-1536x2048.jpg 1536w\" sizes=\"(max-width: 767px) 89vw, (max-width: 1000px) 54vw, (max-width: 1071px) 543px, 580px\" \/><\/figure>\n\n\n\n<p>Am Freitag ist um 18 Uhr Martinsfeier im Hort. Erst findet ein Martinsspiel statt, bei dem Lorena eine kleine Rolle hat (sie hatte sich daf\u00fcr gemeldet) und einen Soldaten spielt. Dann findet der Laternenlauf statt und anschlie\u00dfend gem\u00fctliches Beisammensein im Hort. Wir gehen erst um 20.30 Uhr nach Hause. <\/p>\n\n\n\n<figure class=\"wp-block-image size-large\"><img decoding=\"async\" width=\"720\" height=\"960\" src=\"https:\/\/cokalosa.xkpnc7d6bisxm3b6.myfritz.net\/blog\/wp-content\/uploads\/2023\/11\/wp-16998144986254031917863726277351-720x960.jpg\" alt=\"\" class=\"wp-image-7518\" srcset=\"https:\/\/cokalosa.xkpnc7d6bisxm3b6.myfritz.net\/blog\/wp-content\/uploads\/2023\/11\/wp-16998144986254031917863726277351-720x960.jpg 720w, https:\/\/cokalosa.xkpnc7d6bisxm3b6.myfritz.net\/blog\/wp-content\/uploads\/2023\/11\/wp-16998144986254031917863726277351-180x240.jpg 180w, https:\/\/cokalosa.xkpnc7d6bisxm3b6.myfritz.net\/blog\/wp-content\/uploads\/2023\/11\/wp-16998144986254031917863726277351-75x100.jpg 75w, https:\/\/cokalosa.xkpnc7d6bisxm3b6.myfritz.net\/blog\/wp-content\/uploads\/2023\/11\/wp-16998144986254031917863726277351-768x1024.jpg 768w, https:\/\/cokalosa.xkpnc7d6bisxm3b6.myfritz.net\/blog\/wp-content\/uploads\/2023\/11\/wp-16998144986254031917863726277351-1152x1536.jpg 1152w, https:\/\/cokalosa.xkpnc7d6bisxm3b6.myfritz.net\/blog\/wp-content\/uploads\/2023\/11\/wp-16998144986254031917863726277351-1536x2048.jpg 1536w, https:\/\/cokalosa.xkpnc7d6bisxm3b6.myfritz.net\/blog\/wp-content\/uploads\/2023\/11\/wp-16998144986254031917863726277351-scaled.jpg 1920w\" sizes=\"(max-width: 720px) 100vw, 720px\" \/><\/figure>\n\n\n\n<figure class=\"wp-block-image\"><img decoding=\"async\" width=\"1920\" height=\"2560\" src=\"https:\/\/cokalosa.xkpnc7d6bisxm3b6.myfritz.net\/blog\/wp-content\/uploads\/2023\/11\/wp-16998144286225259517373297834950-scaled.jpg\" alt=\"\" class=\"wp-image-7517\" srcset=\"https:\/\/cokalosa.xkpnc7d6bisxm3b6.myfritz.net\/blog\/wp-content\/uploads\/2023\/11\/wp-16998144286225259517373297834950-scaled.jpg 1920w, https:\/\/cokalosa.xkpnc7d6bisxm3b6.myfritz.net\/blog\/wp-content\/uploads\/2023\/11\/wp-16998144286225259517373297834950-180x240.jpg 180w, https:\/\/cokalosa.xkpnc7d6bisxm3b6.myfritz.net\/blog\/wp-content\/uploads\/2023\/11\/wp-16998144286225259517373297834950-720x960.jpg 720w, https:\/\/cokalosa.xkpnc7d6bisxm3b6.myfritz.net\/blog\/wp-content\/uploads\/2023\/11\/wp-16998144286225259517373297834950-75x100.jpg 75w, https:\/\/cokalosa.xkpnc7d6bisxm3b6.myfritz.net\/blog\/wp-content\/uploads\/2023\/11\/wp-16998144286225259517373297834950-768x1024.jpg 768w, https:\/\/cokalosa.xkpnc7d6bisxm3b6.myfritz.net\/blog\/wp-content\/uploads\/2023\/11\/wp-16998144286225259517373297834950-1152x1536.jpg 1152w, https:\/\/cokalosa.xkpnc7d6bisxm3b6.myfritz.net\/blog\/wp-content\/uploads\/2023\/11\/wp-16998144286225259517373297834950-1536x2048.jpg 1536w\" sizes=\"(max-width: 767px) 89vw, (max-width: 1000px) 54vw, (max-width: 1071px) 543px, 580px\" \/><\/figure>\n\n\n\n<p><\/p>\n\n\n\n<p><\/p>\n","protected":false},"excerpt":{"rendered":"<p>Am Donnerstag, 09.11.2023 ist um 17 Uhr Laternenlauf im Stadtpark mit dem gesamten Kindergarten. Lorena ist nat\u00fcrlich auch dabei und freut sich Kindergartenfreunde zu treffen. Leider f\u00e4ngt es zu regnen an. Wir stehen dann trotzdem noch unter der Parkb\u00fchne zusammen und die Kinder spielen. Am Freitag ist um 18 Uhr Martinsfeier im Hort. Erst findet &hellip; <\/p>\n<p class=\"link-more\"><a href=\"https:\/\/cokalosa.xkpnc7d6bisxm3b6.myfritz.net\/blog\/st-martin\/\" class=\"more-link\"><span class=\"screen-reader-text\">\u201eSt. Martin\u201c<\/span> weiterlesen<\/a><\/p>\n","protected":false},"author":3,"featured_media":0,"comment_status":"open","ping_status":"open","sticky":false,"template":"","format":"standard","meta":[],"categories":[24,30],"tags":[137,136],"_links":{"self":[{"href":"https:\/\/cokalosa.xkpnc7d6bisxm3b6.myfritz.net\/blog\/wp-json\/wp\/v2\/posts\/7513"}],"collection":[{"href":"https:\/\/cokalosa.xkpnc7d6bisxm3b6.myfritz.net\/blog\/wp-json\/wp\/v2\/posts"}],"about":[{"href":"https:\/\/cokalosa.xkpnc7d6bisxm3b6.myfritz.net\/blog\/wp-json\/wp\/v2\/types\/post"}],"author":[{"embeddable":true,"href":"https:\/\/cokalosa.xkpnc7d6bisxm3b6.myfritz.net\/blog\/wp-json\/wp\/v2\/users\/3"}],"replies":[{"embeddable":true,"href":"https:\/\/cokalosa.xkpnc7d6bisxm3b6.myfritz.net\/blog\/wp-json\/wp\/v2\/comments?post=7513"}],"version-history":[{"count":2,"href":"https:\/\/cokalosa.xkpnc7d6bisxm3b6.myfritz.net\/blog\/wp-json\/wp\/v2\/posts\/7513\/revisions"}],"predecessor-version":[{"id":7519,"href":"https:\/\/cokalosa.xkpnc7d6bisxm3b6.myfritz.net\/blog\/wp-json\/wp\/v2\/posts\/7513\/revisions\/7519"}],"wp:attachment":[{"href":"https:\/\/cokalosa.xkpnc7d6bisxm3b6.myfritz.net\/blog\/wp-json\/wp\/v2\/media?parent=7513"}],"wp:term":[{"taxonomy":"category","embeddable":true,"href":"https:\/\/cokalosa.xkpnc7d6bisxm3b6.myfritz.net\/blog\/wp-json\/wp\/v2\/categories?post=7513"},{"taxonomy":"post_tag","embeddable":true,"href":"https:\/\/cokalosa.xkpnc7d6bisxm3b6.myfritz.net\/blog\/wp-json\/wp\/v2\/tags?post=7513"}],"curies":[{"name":"wp","href":"https:\/\/api.w.org\/{rel}","templated":true}]}}