{"id":7143,"date":"2022-09-05T18:44:54","date_gmt":"2022-09-05T16:44:54","guid":{"rendered":"https:\/\/cokalosa.xkpnc7d6bisxm3b6.myfritz.net\/blog\/?p=7143"},"modified":"2022-09-05T18:56:10","modified_gmt":"2022-09-05T16:56:10","slug":"samuels-1-kindergartentag","status":"publish","type":"post","link":"https:\/\/cokalosa.xkpnc7d6bisxm3b6.myfritz.net\/blog\/samuels-1-kindergartentag\/","title":{"rendered":"Samuels 1. Kindergartentag"},"content":{"rendered":"\n<p>Um 7.15 melden sich erst Lorena und sofort danach Samuel. Sie haben es also geschafft rechtzeitig aufzuwachen nach dem Urlaubsmodus \ud83d\ude09 Mich hat der Wecker um 7 aus dem Schlaf gerissen. Die Laune der Kids ist prima. Samuel trinkt eine Milch und Lorena kuschelt sich zu ihm. Z\u00e4hneputzen. Samuel putzt heute &#8211; wie schon gestern Abend &#8211;  elektrisch und das scheint ihm Spa\u00df zu machen. Anziehen. Samuel m\u00f6chte lieber eine Windel anziehen. Beide Kinder freuen sich auf den Kindergarten und Lorena ist sehr stolz, dass Samuel nun zu ihr in die Gruppe kommt. Samuel freut sich auch sehr, dass er bei &#8222;seiner Lorena&#8220; ist. Wir fahren alle zusammen p\u00fcnktlich um 10 vor 8 Uhr los. Hausschuhe anziehen, H\u00e4nde waschen, Trinkflaschen in die Hand und los geht&#8217;s. Beide spazieren rein und werden von der Erzieherin Katja begr\u00fc\u00dft. Sie stellen ihre Trinkflaschen ab und dann nimmt Samuel Lorenas Hand und will spielen gehen. In dem Moment gehen wir. Um 12 Uhr soll ich ihn heute holen. Am 1. Tag der Eingew\u00f6hnung soll es noch ohne Mittagessen sein. Um 12 Uhr hole ich Samuel wieder ab. Er ist bester <\/p>\n","protected":false},"excerpt":{"rendered":"<p>Um 7.15 melden sich erst Lorena und sofort danach Samuel. Sie haben es also geschafft rechtzeitig aufzuwachen nach dem Urlaubsmodus \ud83d\ude09 Mich hat der Wecker um 7 aus dem Schlaf gerissen. Die Laune der Kids ist prima. Samuel trinkt eine Milch und Lorena kuschelt sich zu ihm. Z\u00e4hneputzen. Samuel putzt heute &#8211; wie schon gestern &hellip; <\/p>\n<p class=\"link-more\"><a href=\"https:\/\/cokalosa.xkpnc7d6bisxm3b6.myfritz.net\/blog\/samuels-1-kindergartentag\/\" class=\"more-link\"><span class=\"screen-reader-text\">\u201eSamuels 1. Kindergartentag\u201c<\/span> weiterlesen<\/a><\/p>\n","protected":false},"author":3,"featured_media":0,"comment_status":"open","ping_status":"open","sticky":false,"template":"","format":"standard","meta":[],"categories":[30,1],"tags":[115,47,45],"_links":{"self":[{"href":"https:\/\/cokalosa.xkpnc7d6bisxm3b6.myfritz.net\/blog\/wp-json\/wp\/v2\/posts\/7143"}],"collection":[{"href":"https:\/\/cokalosa.xkpnc7d6bisxm3b6.myfritz.net\/blog\/wp-json\/wp\/v2\/posts"}],"about":[{"href":"https:\/\/cokalosa.xkpnc7d6bisxm3b6.myfritz.net\/blog\/wp-json\/wp\/v2\/types\/post"}],"author":[{"embeddable":true,"href":"https:\/\/cokalosa.xkpnc7d6bisxm3b6.myfritz.net\/blog\/wp-json\/wp\/v2\/users\/3"}],"replies":[{"embeddable":true,"href":"https:\/\/cokalosa.xkpnc7d6bisxm3b6.myfritz.net\/blog\/wp-json\/wp\/v2\/comments?post=7143"}],"version-history":[{"count":1,"href":"https:\/\/cokalosa.xkpnc7d6bisxm3b6.myfritz.net\/blog\/wp-json\/wp\/v2\/posts\/7143\/revisions"}],"predecessor-version":[{"id":7144,"href":"https:\/\/cokalosa.xkpnc7d6bisxm3b6.myfritz.net\/blog\/wp-json\/wp\/v2\/posts\/7143\/revisions\/7144"}],"wp:attachment":[{"href":"https:\/\/cokalosa.xkpnc7d6bisxm3b6.myfritz.net\/blog\/wp-json\/wp\/v2\/media?parent=7143"}],"wp:term":[{"taxonomy":"category","embeddable":true,"href":"https:\/\/cokalosa.xkpnc7d6bisxm3b6.myfritz.net\/blog\/wp-json\/wp\/v2\/categories?post=7143"},{"taxonomy":"post_tag","embeddable":true,"href":"https:\/\/cokalosa.xkpnc7d6bisxm3b6.myfritz.net\/blog\/wp-json\/wp\/v2\/tags?post=7143"}],"curies":[{"name":"wp","href":"https:\/\/api.w.org\/{rel}","templated":true}]}}