{"id":7033,"date":"2022-08-20T22:40:12","date_gmt":"2022-08-20T20:40:12","guid":{"rendered":"https:\/\/cokalosa.xkpnc7d6bisxm3b6.myfritz.net\/blog\/?p=7033"},"modified":"2022-08-21T21:49:04","modified_gmt":"2022-08-21T19:49:04","slug":"tag-04-donnerstag-18-08-2022-shopping-und-besuch-von-auri-und-pablo","status":"publish","type":"post","link":"https:\/\/cokalosa.xkpnc7d6bisxm3b6.myfritz.net\/blog\/tag-04-donnerstag-18-08-2022-shopping-und-besuch-von-auri-und-pablo\/","title":{"rendered":"Tag 04 &#8211; Donnerstag, 18.08.2022 &#8211; Shopping und Besuch von AuRI und Pablo"},"content":{"rendered":"\n<p>Die Kinder sind vor 7:00 wach und sammeln damit weitere Minuten gut ihr Schlafdefizit. Wir fr\u00fchst\u00fccken und brechen um kurz vor 10:00 auf zum Markt nach Montecatini Terme. Da es zu regnen beginnt wird es ein kurzer Besuch und nur Cordula kauft K\u00e4se und etwas Obst w\u00e4hrend die Kinder mit mir im Auto warten. Danach fahren wir zum Decathlon und parken auf dem Parkdeck. Wir k\u00f6nnen gerade noch die Kinder bei normalem Regen aus dem Auto rausholen, bevor die Welt untergeht. Aus dem Aufzug filme ich, wie der Sturm ein Dachfenster aufrei\u00dft und eine Abdeckung \u00fcber das Parkdeck wirbelt.<\/p>\n\n\n\n<figure class=\"wp-block-video\"><video controls src=\"https:\/\/cokalosa.xkpnc7d6bisxm3b6.myfritz.net\/blog\/wp-content\/uploads\/2022\/08\/wp-1661110100568.mp4\"><\/video><\/figure>\n\n\n\n<p>Wir fahren im Aufzug nach unten, steigen aber nicht aus, weil wir sonst innerhalb k\u00fcrzester Zeit komplett nass w\u00e4ren. Also warten wir im Aufzug. Hier kann uns zum Gl\u00fcck nichts passieren. Also, fast nichts. Es gibt einen Stromausfall und f\u00fcr ca. eine Minute geht das Licht aus. Als es wieder an geht, l\u00e4sst sich die T\u00fcr \u00fcber den Schalter \u00f6ffnen und wir sehen, dass das Schlimmste \u00fcberstanden ist. Vor dem Obi, wo der Aufzug ankommt, liegen alle Pflanzen kreuz und quer, Schilder sind umgefallen und \u00fcberall liegen Bl\u00e4tter und stehen Pf\u00fctzen. Lorena und Samuel sind total ver\u00e4ngstigt. Wahrscheinlich verl\u00e4uft der anschlie\u00dfende Einkauf im Decathlon deshalb so entspannt. Als wir fertig sind, muss Samuel getragen werden und Lorena wehrt sich schreiend dagegen, dass wir den Laden verlassen. Irgendwann geht es dann doch und wir gehen weiter zum Coop. Nach dem Einkauf fahren wir heim. W\u00e4hrend der Heimfahrt wird uns angesichts der herumliegenden Bl\u00e4tter und \u00c4ste immer mulmiger, da die gr\u00f6\u00dfte Verw\u00fcstung genau auf einem Streifen liegt, der zu unserem Campingplatz f\u00fchrt. Dort angekommen, werden wir bereits von unseren holl\u00e4ndischen Nachbarn an der Rezeption gestoppt: &#8222;Be prepared!&#8220; Sie bereiten uns schon auf das vor, was uns erwartet: das Vorzelt wurde vom Sturm weggerissen. Dabei wurde auch die Markise zerst\u00f6rt. Die Gelenkarme wurden am vorderen Querbalken abgerissen. Es sieht verheerend aus. Naja, Hauptsache uns ist nichts passiert. Bl\u00f6d, dass der Urlaub erst begonnen hat und wir so lange ohne Markise und Vorzelt auskommen m\u00fcssen.<\/p>\n\n\n\n<figure class=\"wp-block-image size-large\"><img decoding=\"async\" width=\"960\" height=\"720\" src=\"https:\/\/cokalosa.xkpnc7d6bisxm3b6.myfritz.net\/blog\/wp-content\/uploads\/2022\/08\/wp-1661109058694-960x720.jpg\" alt=\"\" class=\"wp-image-7044\" srcset=\"https:\/\/cokalosa.xkpnc7d6bisxm3b6.myfritz.net\/blog\/wp-content\/uploads\/2022\/08\/wp-1661109058694-960x720.jpg 960w, https:\/\/cokalosa.xkpnc7d6bisxm3b6.myfritz.net\/blog\/wp-content\/uploads\/2022\/08\/wp-1661109058694-240x180.jpg 240w, https:\/\/cokalosa.xkpnc7d6bisxm3b6.myfritz.net\/blog\/wp-content\/uploads\/2022\/08\/wp-1661109058694-100x75.jpg 100w, https:\/\/cokalosa.xkpnc7d6bisxm3b6.myfritz.net\/blog\/wp-content\/uploads\/2022\/08\/wp-1661109058694-768x576.jpg 768w, https:\/\/cokalosa.xkpnc7d6bisxm3b6.myfritz.net\/blog\/wp-content\/uploads\/2022\/08\/wp-1661109058694-1536x1152.jpg 1536w, https:\/\/cokalosa.xkpnc7d6bisxm3b6.myfritz.net\/blog\/wp-content\/uploads\/2022\/08\/wp-1661109058694.jpg 1600w\" sizes=\"(max-width: 767px) 89vw, (max-width: 1000px) 54vw, (max-width: 1071px) 543px, 580px\" \/><figcaption>Nach dem Unwetter<\/figcaption><\/figure>\n\n\n\n<p>Lorena und Samuel sind ganz hungrig und wir m\u00fcssten eigentlich aufr\u00e4umen, wissen aber gar nicht, wo wir anfangen sollen. Wir r\u00e4umen das N\u00f6tigste weg, &#8222;reparieren&#8220; notd\u00fcrftig die Markise und machen dann erstmal Brotzeit. Samuel liegt auch dann selber schlafen, Lorena macht ihr Kratzbuch und Cordula und ich r\u00e4umen weiter auf. Nach einer Stunde Mittagsschlaf holen wir Samuel und um 16:00 kommen Ari, Aurelius und Pablo, die gerade in der Toskana Urlaub machen und einen Tagesausflug nach Lucca mit einem Stopp bei uns verbinden. Wir spazieren \u00fcber den Campingplatz, r\u00e4umen noch kurz etwas auf und fahren dann nach Alto. Dort schauen wir erst im die Kirche und gehen dann zum Abendessen ins Il Giardino. Wir sind kurz entt\u00e4uscht, dass wir nicht drau\u00dfen sitzen k\u00f6nnen. Kurz darauf sind wir aber froh dar\u00fcber, denn w\u00e4hrend wir auf die Pizza warten, zieht das n\u00e4chste Gewitter \u00fcber uns hinweg. Im Anschluss wollen wir noch ein Eis essen, aber unsere Lieblingseisdiele hat bereits geschlossen. Also gehen wir wieder zur\u00fcck und g\u00f6nnen uns im Il Giardino noch einen Nachtisch. Als wir zum Auto laufen wollen vor und donnert es schon wieder. Wir verabschieden uns von AuRI und Pablo, die durch den Regen zu ihrem Auto laufen. Lorena hat panische Angst und will um keinen Preis rausgehen. Ich trage Samuel, der sich zitternd an mich klammert, zum Auto und fahre Cordula und Lorena entgegen. Kurz darauf kommen die beiden. Cordulas erz\u00e4hlt, dass eine Bedienung Lorena an die Hand genommen hat, damit sie geht.<\/p>\n\n\n\n<p>Es ist bereits 21:30 als wir daheim sind und bis beide Kinder nach diesem aufregenden Tag schlafen ist es kurz vor 22:00. Wir machen uns auch gleich fertig f\u00fcrs Bett und schlafen gleich ein.<\/p>\n","protected":false},"excerpt":{"rendered":"<p>Die Kinder sind vor 7:00 wach und sammeln damit weitere Minuten gut ihr Schlafdefizit. Wir fr\u00fchst\u00fccken und brechen um kurz vor 10:00 auf zum Markt nach Montecatini Terme. Da es zu regnen beginnt wird es ein kurzer Besuch und nur Cordula kauft K\u00e4se und etwas Obst w\u00e4hrend die Kinder mit mir im Auto warten. Danach &hellip; <\/p>\n<p class=\"link-more\"><a href=\"https:\/\/cokalosa.xkpnc7d6bisxm3b6.myfritz.net\/blog\/tag-04-donnerstag-18-08-2022-shopping-und-besuch-von-auri-und-pablo\/\" class=\"more-link\"><span class=\"screen-reader-text\">\u201eTag 04 &#8211; Donnerstag, 18.08.2022 &#8211; Shopping und Besuch von AuRI und Pablo\u201c<\/span> weiterlesen<\/a><\/p>\n","protected":false},"author":4,"featured_media":0,"comment_status":"open","ping_status":"open","sticky":false,"template":"","format":"standard","meta":[],"categories":[101],"tags":[84,41,35,105,38,102],"_links":{"self":[{"href":"https:\/\/cokalosa.xkpnc7d6bisxm3b6.myfritz.net\/blog\/wp-json\/wp\/v2\/posts\/7033"}],"collection":[{"href":"https:\/\/cokalosa.xkpnc7d6bisxm3b6.myfritz.net\/blog\/wp-json\/wp\/v2\/posts"}],"about":[{"href":"https:\/\/cokalosa.xkpnc7d6bisxm3b6.myfritz.net\/blog\/wp-json\/wp\/v2\/types\/post"}],"author":[{"embeddable":true,"href":"https:\/\/cokalosa.xkpnc7d6bisxm3b6.myfritz.net\/blog\/wp-json\/wp\/v2\/users\/4"}],"replies":[{"embeddable":true,"href":"https:\/\/cokalosa.xkpnc7d6bisxm3b6.myfritz.net\/blog\/wp-json\/wp\/v2\/comments?post=7033"}],"version-history":[{"count":3,"href":"https:\/\/cokalosa.xkpnc7d6bisxm3b6.myfritz.net\/blog\/wp-json\/wp\/v2\/posts\/7033\/revisions"}],"predecessor-version":[{"id":7047,"href":"https:\/\/cokalosa.xkpnc7d6bisxm3b6.myfritz.net\/blog\/wp-json\/wp\/v2\/posts\/7033\/revisions\/7047"}],"wp:attachment":[{"href":"https:\/\/cokalosa.xkpnc7d6bisxm3b6.myfritz.net\/blog\/wp-json\/wp\/v2\/media?parent=7033"}],"wp:term":[{"taxonomy":"category","embeddable":true,"href":"https:\/\/cokalosa.xkpnc7d6bisxm3b6.myfritz.net\/blog\/wp-json\/wp\/v2\/categories?post=7033"},{"taxonomy":"post_tag","embeddable":true,"href":"https:\/\/cokalosa.xkpnc7d6bisxm3b6.myfritz.net\/blog\/wp-json\/wp\/v2\/tags?post=7033"}],"curies":[{"name":"wp","href":"https:\/\/api.w.org\/{rel}","templated":true}]}}