{"id":5330,"date":"2021-04-26T21:27:00","date_gmt":"2021-04-26T19:27:00","guid":{"rendered":"https:\/\/cokalosa.ctrc9x8i6indg0vl.myfritz.net\/blog\/?p=5330"},"modified":"2021-05-13T21:48:46","modified_gmt":"2021-05-13T19:48:46","slug":"23-monate-samuel","status":"publish","type":"post","link":"https:\/\/cokalosa.xkpnc7d6bisxm3b6.myfritz.net\/blog\/23-monate-samuel\/","title":{"rendered":"23 Monate Samuel"},"content":{"rendered":"\n<figure class=\"wp-block-image size-large\"><img decoding=\"async\" width=\"720\" height=\"960\" src=\"https:\/\/cokalosa.ctrc9x8i6indg0vl.myfritz.net\/blog\/wp-content\/uploads\/2021\/05\/wp-1620044692210-720x960.jpg\" alt=\"\" class=\"wp-image-5335\" srcset=\"https:\/\/cokalosa.xkpnc7d6bisxm3b6.myfritz.net\/blog\/wp-content\/uploads\/2021\/05\/wp-1620044692210-720x960.jpg 720w, https:\/\/cokalosa.xkpnc7d6bisxm3b6.myfritz.net\/blog\/wp-content\/uploads\/2021\/05\/wp-1620044692210-180x240.jpg 180w, https:\/\/cokalosa.xkpnc7d6bisxm3b6.myfritz.net\/blog\/wp-content\/uploads\/2021\/05\/wp-1620044692210-75x100.jpg 75w, https:\/\/cokalosa.xkpnc7d6bisxm3b6.myfritz.net\/blog\/wp-content\/uploads\/2021\/05\/wp-1620044692210-768x1024.jpg 768w, https:\/\/cokalosa.xkpnc7d6bisxm3b6.myfritz.net\/blog\/wp-content\/uploads\/2021\/05\/wp-1620044692210-1152x1536.jpg 1152w, https:\/\/cokalosa.xkpnc7d6bisxm3b6.myfritz.net\/blog\/wp-content\/uploads\/2021\/05\/wp-1620044692210-1536x2048.jpg 1536w, https:\/\/cokalosa.xkpnc7d6bisxm3b6.myfritz.net\/blog\/wp-content\/uploads\/2021\/05\/wp-1620044692210-scaled.jpg 1920w\" sizes=\"(max-width: 720px) 100vw, 720px\" \/><\/figure>\n\n\n\n<p>ca. 12,7 kg, 90 cm, Kleidergr\u00f6\u00dfe 92\/98<\/p>\n\n\n\n<p>Alle sagen, Samuel ist schon so gro\u00df, v.a. wenn man ihn im Vergleich zu Lorena sieht, die ja wirklich nur etwas gr\u00f6\u00dfer ist.<\/p>\n\n\n\n<p>Sprachlich macht er gro\u00dfe Fortschritte. Er verbindet inzwischen 2-3 W\u00f6rter miteinander, um etwas auszudr\u00fccken. Er spricht gerne und viel (wer ihm da wohl ein Vorbild ist \ud83d\ude09 )<br>Auf der Heimfahrt von der Krippe sagt er z.B. auf H\u00f6he vom Metzger, wenn wir abbiegen, &#8222;Hause&#8220;. Lorena versucht ihm dann kleinschrittig (in richtige Silben unterteilt) beizubringen &#8222;nach Hause&#8220; zu sagen: &#8222;Samuel sag &#8222;nach&#8220;, Samuel sag &#8222;Hau-&#8222;, Samuel sag &#8222;se&#8220;, Samuel sag &#8222;nach Hause&#8220;. Samuel sagt alles brav nach, nur am Ende sagt er wieder nur &#8222;Hause&#8220; \ud83d\ude09<br>Wenn Samuel ein Wort sagt, m\u00f6chte er, dass wir es wiederholen. Wenn wir ihn nicht verstehen, kann er w\u00fctend und frustriert werden. Manchmal wissen wir wirklich nicht, was er sagt oder m\u00fcssen erst eine Weile raten. Obwohl seine Aussprache recht gut ist. &#8222;S&#8220; am Satzanfang geht z.B. nicht. Er selbst ist der &#8222;Amel&#8220;, Lorena ist &#8222;Ena&#8220;.<br>Typische Wortverbindungen: &#8222;ine aut&#8220; = Maschine laut (er meint damit die K\u00fcchenmaschine).<\/p>\n\n\n\n<p><br>Er liebt lesen. Abends w\u00fcrde er am liebsten gar nicht aufh\u00f6ren. Bevorzugt nat\u00fcrlich Baustellenb\u00fccher. <\/p>\n\n\n\n<p>Lieblingswort &#8222;selber&#8220;<\/p>\n\n\n\n<p>Es gibt Ausnahmen, aber grunds\u00e4tzlich ist er ausgeglichener und wirft nicht mehr wahllos mit Gegenst\u00e4nden.<\/p>\n\n\n\n<p>In der Nacht von letztem Donnerstag auf Freitag bekam Samuel Schnupfen. Er musste dann von der Krippe zu Hause bleiben. Wir haben die Vermutung er macht einen Entwicklungsschub. Denn auch in den folgenden Tagen ist er recht unausgeglichen. <\/p>\n\n\n\n<p>Heute bleibt er auch noch zu Hause, da er noch Schnupfen hat und ich erstmal mit ihm zum Testen gehe. Da er noch Symptome hat, muss aber ein PCR-Test gemacht werden. Schnelltest, wie vor paar Wochen, reicht nicht mehr. Das wirft unsere Pl\u00e4ne aber erstmal wieder \u00fcber Bord, da er morgen dann wohl auch noch nicht in die Krippe gehen kann, weil das Ergebnis wahrscheinlich noch nicht bis morgen fr\u00fch da sein wird. Bei ihm wird ein Nasen- und Rachenabstrich gemacht. Aber ganz schnell. Alles andere w\u00e4re sicher auch nicht m\u00f6glich. Aber er weint danach, weil es nicht angenehm war.<\/p>\n","protected":false},"excerpt":{"rendered":"<p>ca. 12,7 kg, 90 cm, Kleidergr\u00f6\u00dfe 92\/98 Alle sagen, Samuel ist schon so gro\u00df, v.a. wenn man ihn im Vergleich zu Lorena sieht, die ja wirklich nur etwas gr\u00f6\u00dfer ist. Sprachlich macht er gro\u00dfe Fortschritte. Er verbindet inzwischen 2-3 W\u00f6rter miteinander, um etwas auszudr\u00fccken. Er spricht gerne und viel (wer ihm da wohl ein Vorbild &hellip; <\/p>\n<p class=\"link-more\"><a href=\"https:\/\/cokalosa.xkpnc7d6bisxm3b6.myfritz.net\/blog\/23-monate-samuel\/\" class=\"more-link\"><span class=\"screen-reader-text\">\u201e23 Monate Samuel\u201c<\/span> weiterlesen<\/a><\/p>\n","protected":false},"author":3,"featured_media":0,"comment_status":"open","ping_status":"open","sticky":false,"template":"","format":"standard","meta":[],"categories":[30],"tags":[],"_links":{"self":[{"href":"https:\/\/cokalosa.xkpnc7d6bisxm3b6.myfritz.net\/blog\/wp-json\/wp\/v2\/posts\/5330"}],"collection":[{"href":"https:\/\/cokalosa.xkpnc7d6bisxm3b6.myfritz.net\/blog\/wp-json\/wp\/v2\/posts"}],"about":[{"href":"https:\/\/cokalosa.xkpnc7d6bisxm3b6.myfritz.net\/blog\/wp-json\/wp\/v2\/types\/post"}],"author":[{"embeddable":true,"href":"https:\/\/cokalosa.xkpnc7d6bisxm3b6.myfritz.net\/blog\/wp-json\/wp\/v2\/users\/3"}],"replies":[{"embeddable":true,"href":"https:\/\/cokalosa.xkpnc7d6bisxm3b6.myfritz.net\/blog\/wp-json\/wp\/v2\/comments?post=5330"}],"version-history":[{"count":6,"href":"https:\/\/cokalosa.xkpnc7d6bisxm3b6.myfritz.net\/blog\/wp-json\/wp\/v2\/posts\/5330\/revisions"}],"predecessor-version":[{"id":5390,"href":"https:\/\/cokalosa.xkpnc7d6bisxm3b6.myfritz.net\/blog\/wp-json\/wp\/v2\/posts\/5330\/revisions\/5390"}],"wp:attachment":[{"href":"https:\/\/cokalosa.xkpnc7d6bisxm3b6.myfritz.net\/blog\/wp-json\/wp\/v2\/media?parent=5330"}],"wp:term":[{"taxonomy":"category","embeddable":true,"href":"https:\/\/cokalosa.xkpnc7d6bisxm3b6.myfritz.net\/blog\/wp-json\/wp\/v2\/categories?post=5330"},{"taxonomy":"post_tag","embeddable":true,"href":"https:\/\/cokalosa.xkpnc7d6bisxm3b6.myfritz.net\/blog\/wp-json\/wp\/v2\/tags?post=5330"}],"curies":[{"name":"wp","href":"https:\/\/api.w.org\/{rel}","templated":true}]}}