{"id":5292,"date":"2021-04-25T22:07:00","date_gmt":"2021-04-25T20:07:00","guid":{"rendered":"https:\/\/cokalosa.ctrc9x8i6indg0vl.myfritz.net\/blog\/?p=5292"},"modified":"2021-05-06T22:40:27","modified_gmt":"2021-05-06T20:40:27","slug":"lorena-3-jahre-und-7-monate","status":"publish","type":"post","link":"https:\/\/cokalosa.xkpnc7d6bisxm3b6.myfritz.net\/blog\/lorena-3-jahre-und-7-monate\/","title":{"rendered":"Lorena 3 Jahre und 7 Monate"},"content":{"rendered":"\n<p>13,5 kg, 96 cm, Kleidergr\u00f6\u00dfe 98\/104<\/p>\n\n\n\n<figure class=\"wp-block-image size-large\"><img decoding=\"async\" width=\"720\" height=\"960\" src=\"https:\/\/cokalosa.ctrc9x8i6indg0vl.myfritz.net\/blog\/wp-content\/uploads\/2021\/04\/wp-1619549858883436337059722846772-720x960.jpg\" alt=\"\" class=\"wp-image-5324\" srcset=\"https:\/\/cokalosa.xkpnc7d6bisxm3b6.myfritz.net\/blog\/wp-content\/uploads\/2021\/04\/wp-1619549858883436337059722846772-720x960.jpg 720w, https:\/\/cokalosa.xkpnc7d6bisxm3b6.myfritz.net\/blog\/wp-content\/uploads\/2021\/04\/wp-1619549858883436337059722846772-180x240.jpg 180w, https:\/\/cokalosa.xkpnc7d6bisxm3b6.myfritz.net\/blog\/wp-content\/uploads\/2021\/04\/wp-1619549858883436337059722846772-75x100.jpg 75w, https:\/\/cokalosa.xkpnc7d6bisxm3b6.myfritz.net\/blog\/wp-content\/uploads\/2021\/04\/wp-1619549858883436337059722846772-768x1024.jpg 768w, https:\/\/cokalosa.xkpnc7d6bisxm3b6.myfritz.net\/blog\/wp-content\/uploads\/2021\/04\/wp-1619549858883436337059722846772-1152x1536.jpg 1152w, https:\/\/cokalosa.xkpnc7d6bisxm3b6.myfritz.net\/blog\/wp-content\/uploads\/2021\/04\/wp-1619549858883436337059722846772-1536x2048.jpg 1536w, https:\/\/cokalosa.xkpnc7d6bisxm3b6.myfritz.net\/blog\/wp-content\/uploads\/2021\/04\/wp-1619549858883436337059722846772-scaled.jpg 1920w\" sizes=\"(max-width: 720px) 100vw, 720px\" \/><figcaption>Lorena macht super Fortschritte beim Fahrrad fahren. Aktuell \u00fcbt sie bremsen.<\/figcaption><\/figure>\n\n\n\n<p>Kindergarten:<\/p>\n\n\n\n<ul><li>spielt gerne in der Puppenecke<\/li><li>malt gerne<\/li><li>schl\u00e4ft mittags oft ein (z. Zt. schl\u00e4ft sie abends wieder recht sp\u00e4t ein: ca. 20:30-21 Uhr)<br><\/li><\/ul>\n\n\n\n<p>insgesamt:<\/p>\n\n\n\n<ul><li>redet und erz\u00e4hlt gerne, viel und st\u00e4ndig; vergisst dabei manchmal das Essen<\/li><li>m\u00f6chte meist das machen\/spielen, was Samuel auch macht<\/li><li>spiegelt uns in ihrer Wortwahl<\/li><li>schneidet selber z.B. Tomaten und ist sehr stolz darauf<\/li><li>zieht sich weitestgehend selbst an<\/li><\/ul>\n\n\n\n<p>Lorena malt sehr gerne und nimmt jeden Tag mehrere Bilder aus dem Kindergarten mit nach Hause. Hier eine Auswahl: <a href=\"https:\/\/cokalosa.ctrc9x8i6indg0vl.myfritz.net\/blog\/lorenas-bilder\/\" data-type=\"post\" data-id=\"5268\">Lorenas Bilder<\/a><\/p>\n\n\n\n<figure class=\"wp-block-image size-large is-style-rounded\"><img decoding=\"async\" width=\"960\" height=\"720\" src=\"https:\/\/cokalosa.ctrc9x8i6indg0vl.myfritz.net\/blog\/wp-content\/uploads\/2021\/04\/wp-1618949134956-960x720.jpg\" alt=\"\" class=\"wp-image-5290\" srcset=\"https:\/\/cokalosa.xkpnc7d6bisxm3b6.myfritz.net\/blog\/wp-content\/uploads\/2021\/04\/wp-1618949134956-960x720.jpg 960w, https:\/\/cokalosa.xkpnc7d6bisxm3b6.myfritz.net\/blog\/wp-content\/uploads\/2021\/04\/wp-1618949134956-240x180.jpg 240w, https:\/\/cokalosa.xkpnc7d6bisxm3b6.myfritz.net\/blog\/wp-content\/uploads\/2021\/04\/wp-1618949134956-100x75.jpg 100w, https:\/\/cokalosa.xkpnc7d6bisxm3b6.myfritz.net\/blog\/wp-content\/uploads\/2021\/04\/wp-1618949134956-768x576.jpg 768w, https:\/\/cokalosa.xkpnc7d6bisxm3b6.myfritz.net\/blog\/wp-content\/uploads\/2021\/04\/wp-1618949134956-1536x1152.jpg 1536w, https:\/\/cokalosa.xkpnc7d6bisxm3b6.myfritz.net\/blog\/wp-content\/uploads\/2021\/04\/wp-1618949134956-2048x1536.jpg 2048w\" sizes=\"(max-width: 767px) 89vw, (max-width: 1000px) 54vw, (max-width: 1071px) 543px, 580px\" \/><figcaption>Lorena baut so sch\u00f6n selbstst\u00e4ndig Duplo<\/figcaption><\/figure>\n","protected":false},"excerpt":{"rendered":"<p>13,5 kg, 96 cm, Kleidergr\u00f6\u00dfe 98\/104 Kindergarten: spielt gerne in der Puppenecke malt gerne schl\u00e4ft mittags oft ein (z. Zt. schl\u00e4ft sie abends wieder recht sp\u00e4t ein: ca. 20:30-21 Uhr) insgesamt: redet und erz\u00e4hlt gerne, viel und st\u00e4ndig; vergisst dabei manchmal das Essen m\u00f6chte meist das machen\/spielen, was Samuel auch macht spiegelt uns in ihrer &hellip; <\/p>\n<p class=\"link-more\"><a href=\"https:\/\/cokalosa.xkpnc7d6bisxm3b6.myfritz.net\/blog\/lorena-3-jahre-und-7-monate\/\" class=\"more-link\"><span class=\"screen-reader-text\">\u201eLorena 3 Jahre und 7 Monate\u201c<\/span> weiterlesen<\/a><\/p>\n","protected":false},"author":3,"featured_media":0,"comment_status":"open","ping_status":"open","sticky":false,"template":"","format":"standard","meta":[],"categories":[24],"tags":[66,65],"_links":{"self":[{"href":"https:\/\/cokalosa.xkpnc7d6bisxm3b6.myfritz.net\/blog\/wp-json\/wp\/v2\/posts\/5292"}],"collection":[{"href":"https:\/\/cokalosa.xkpnc7d6bisxm3b6.myfritz.net\/blog\/wp-json\/wp\/v2\/posts"}],"about":[{"href":"https:\/\/cokalosa.xkpnc7d6bisxm3b6.myfritz.net\/blog\/wp-json\/wp\/v2\/types\/post"}],"author":[{"embeddable":true,"href":"https:\/\/cokalosa.xkpnc7d6bisxm3b6.myfritz.net\/blog\/wp-json\/wp\/v2\/users\/3"}],"replies":[{"embeddable":true,"href":"https:\/\/cokalosa.xkpnc7d6bisxm3b6.myfritz.net\/blog\/wp-json\/wp\/v2\/comments?post=5292"}],"version-history":[{"count":5,"href":"https:\/\/cokalosa.xkpnc7d6bisxm3b6.myfritz.net\/blog\/wp-json\/wp\/v2\/posts\/5292\/revisions"}],"predecessor-version":[{"id":5354,"href":"https:\/\/cokalosa.xkpnc7d6bisxm3b6.myfritz.net\/blog\/wp-json\/wp\/v2\/posts\/5292\/revisions\/5354"}],"wp:attachment":[{"href":"https:\/\/cokalosa.xkpnc7d6bisxm3b6.myfritz.net\/blog\/wp-json\/wp\/v2\/media?parent=5292"}],"wp:term":[{"taxonomy":"category","embeddable":true,"href":"https:\/\/cokalosa.xkpnc7d6bisxm3b6.myfritz.net\/blog\/wp-json\/wp\/v2\/categories?post=5292"},{"taxonomy":"post_tag","embeddable":true,"href":"https:\/\/cokalosa.xkpnc7d6bisxm3b6.myfritz.net\/blog\/wp-json\/wp\/v2\/tags?post=5292"}],"curies":[{"name":"wp","href":"https:\/\/api.w.org\/{rel}","templated":true}]}}