{"id":5194,"date":"2021-03-15T22:57:00","date_gmt":"2021-03-15T21:57:00","guid":{"rendered":"https:\/\/cokalosa.ctrc9x8i6indg0vl.myfritz.net\/blog\/?p=5194"},"modified":"2021-03-31T23:09:39","modified_gmt":"2021-03-31T21:09:39","slug":"wieder-schule-ab-15-03-2021","status":"publish","type":"post","link":"https:\/\/cokalosa.xkpnc7d6bisxm3b6.myfritz.net\/blog\/wieder-schule-ab-15-03-2021\/","title":{"rendered":"Wieder Schule ab 15.03.2021"},"content":{"rendered":"\n<p>Ich gehe heute (Mitte Dezember zum letzten Mal) wieder zum Pr\u00e4senz-Unterrichten\/Beraten in die Schule (mit einer Ausnahme). Diese und n\u00e4chste Woche (also bis zu den Osterferien) ist Wechselunterricht. Ich &#8222;freue&#8220; mich Sch\u00fcler wieder live zu Beratungen sehen zu k\u00f6nnen. Den Unterricht vor Ort empfinde ich als etwas stressiger, weil ich live unterrichte und gleichzeitig streame und beide Gruppen bedienen muss.<\/p>\n\n\n\n<p>Kai ging ja schon seit Anfang Februar tageweise f\u00fcr die Q12 in die Schule.<\/p>\n\n\n\n<p>Im Kindergarten ist seit heute wieder Regelbetrieb! Denn die Inzidenz im Landkreis Neu-Ulm befindet sich unter 50. Sowohl Samuels als auch Lorenas Gruppe gehen mal wieder in die Turnhalle.<br>Edit: Ab 29.03.2021 sind wir wieder im &#8222;eingeschr\u00e4nkten Regelbetrieb&#8220;, weil die Inzidenz zwischen 50-100 ist.<\/p>\n\n\n\n<p>Auch alle Gesch\u00e4fte in Senden haben wieder regul\u00e4r ge\u00f6ffnet (mit bestimmten Hygieneauflagen). <\/p>\n\n\n\n<p><\/p>\n","protected":false},"excerpt":{"rendered":"<p>Ich gehe heute (Mitte Dezember zum letzten Mal) wieder zum Pr\u00e4senz-Unterrichten\/Beraten in die Schule (mit einer Ausnahme). Diese und n\u00e4chste Woche (also bis zu den Osterferien) ist Wechselunterricht. Ich &#8222;freue&#8220; mich Sch\u00fcler wieder live zu Beratungen sehen zu k\u00f6nnen. Den Unterricht vor Ort empfinde ich als etwas stressiger, weil ich live unterrichte und gleichzeitig streame &hellip; <\/p>\n<p class=\"link-more\"><a href=\"https:\/\/cokalosa.xkpnc7d6bisxm3b6.myfritz.net\/blog\/wieder-schule-ab-15-03-2021\/\" class=\"more-link\"><span class=\"screen-reader-text\">\u201eWieder Schule ab 15.03.2021\u201c<\/span> weiterlesen<\/a><\/p>\n","protected":false},"author":3,"featured_media":0,"comment_status":"open","ping_status":"open","sticky":false,"template":"","format":"standard","meta":[],"categories":[54],"tags":[],"_links":{"self":[{"href":"https:\/\/cokalosa.xkpnc7d6bisxm3b6.myfritz.net\/blog\/wp-json\/wp\/v2\/posts\/5194"}],"collection":[{"href":"https:\/\/cokalosa.xkpnc7d6bisxm3b6.myfritz.net\/blog\/wp-json\/wp\/v2\/posts"}],"about":[{"href":"https:\/\/cokalosa.xkpnc7d6bisxm3b6.myfritz.net\/blog\/wp-json\/wp\/v2\/types\/post"}],"author":[{"embeddable":true,"href":"https:\/\/cokalosa.xkpnc7d6bisxm3b6.myfritz.net\/blog\/wp-json\/wp\/v2\/users\/3"}],"replies":[{"embeddable":true,"href":"https:\/\/cokalosa.xkpnc7d6bisxm3b6.myfritz.net\/blog\/wp-json\/wp\/v2\/comments?post=5194"}],"version-history":[{"count":3,"href":"https:\/\/cokalosa.xkpnc7d6bisxm3b6.myfritz.net\/blog\/wp-json\/wp\/v2\/posts\/5194\/revisions"}],"predecessor-version":[{"id":5199,"href":"https:\/\/cokalosa.xkpnc7d6bisxm3b6.myfritz.net\/blog\/wp-json\/wp\/v2\/posts\/5194\/revisions\/5199"}],"wp:attachment":[{"href":"https:\/\/cokalosa.xkpnc7d6bisxm3b6.myfritz.net\/blog\/wp-json\/wp\/v2\/media?parent=5194"}],"wp:term":[{"taxonomy":"category","embeddable":true,"href":"https:\/\/cokalosa.xkpnc7d6bisxm3b6.myfritz.net\/blog\/wp-json\/wp\/v2\/categories?post=5194"},{"taxonomy":"post_tag","embeddable":true,"href":"https:\/\/cokalosa.xkpnc7d6bisxm3b6.myfritz.net\/blog\/wp-json\/wp\/v2\/tags?post=5194"}],"curies":[{"name":"wp","href":"https:\/\/api.w.org\/{rel}","templated":true}]}}