{"id":4914,"date":"2021-01-25T22:12:00","date_gmt":"2021-01-25T21:12:00","guid":{"rendered":"https:\/\/cokalosa.ctrc9x8i6indg0vl.myfritz.net\/blog\/?p=4914"},"modified":"2021-02-06T21:28:28","modified_gmt":"2021-02-06T20:28:28","slug":"40-monate-lorena","status":"publish","type":"post","link":"https:\/\/cokalosa.xkpnc7d6bisxm3b6.myfritz.net\/blog\/40-monate-lorena\/","title":{"rendered":"40 Monate Lorena"},"content":{"rendered":"\n<p>13,4 kg, 94 cm, Kleidergr\u00f6\u00dfe 98<br \/><\/p>\n\n\n\n<p>Aussage der Erzieherinnnen im Kindergarten: Das wird spannend, wenn Lorena in die Vorschule kommt. Da m\u00fcssen wir uns \u00fcberlegen, wie wir sie noch fordern. Sie h\u00e4lt jetzt schon teilweise mit den Vorsch\u00fclern mit. Sie interessiert sich so f\u00fcr Buchstaben und Zahlen und ist sprachlich sehr versiert. <\/p>\n\n\n\n<p>Sch\u00f6nes sprachliches, schlagfertiges Beispiel beim Abholen aus der Kindergarten (27.01.20201) vor den Augen ihrer Erzieherin. Ich sage, dass wir den Schneeanzug anziehen, weil wir gleich raus auf den Spielplatz in den Schnee gehen &#8211; den m\u00fcssen wir heute nochmal ausnutzen, denn f\u00fcr morgen ist Regen angesagt. Lorena sagt\/meckert sie m\u00f6chte jetzt nicht raus in den Schnee und wenn es morgen regnet, dann will sie eh viel lieber mit dem Regenschirm raus. Tja&#8230;was sagt man da noch.<\/p>\n\n\n\n<p>K\u00fcmmert sich so lieb um Samuel: hilft ihm, reglementiert ihn, stachelt ihn an, begleitet ihn, hat Mitleid mit ihm (&#8222;Mein Bruder&#8230;&#8220;), liest ihm vor&#8230;<\/p>\n\n\n\n<p>Lorena hat nun endlich (seit ca. 3 Monaten kam das pl\u00f6tzlich immer wieder vor) keine Pipi Unf\u00e4lle mehr.<\/p>\n\n\n\n<p>Es gibt Wesen, die Lorena Angst machen: Tr\u00e4umland, Krokodile, Monster&#8230;<\/p>\n\n\n\n<p><\/p>\n\n\n\n<p><\/p>\n\n\n\n<p><\/p>\n","protected":false},"excerpt":{"rendered":"<p>13,4 kg, 94 cm, Kleidergr\u00f6\u00dfe 98 Aussage der Erzieherinnnen im Kindergarten: Das wird spannend, wenn Lorena in die Vorschule kommt. Da m\u00fcssen wir uns \u00fcberlegen, wie wir sie noch fordern. Sie h\u00e4lt jetzt schon teilweise mit den Vorsch\u00fclern mit. Sie interessiert sich so f\u00fcr Buchstaben und Zahlen und ist sprachlich sehr versiert. Sch\u00f6nes sprachliches, schlagfertiges &hellip; <\/p>\n<p class=\"link-more\"><a href=\"https:\/\/cokalosa.xkpnc7d6bisxm3b6.myfritz.net\/blog\/40-monate-lorena\/\" class=\"more-link\"><span class=\"screen-reader-text\">\u201e40 Monate Lorena\u201c<\/span> weiterlesen<\/a><\/p>\n","protected":false},"author":3,"featured_media":0,"comment_status":"open","ping_status":"open","sticky":false,"template":"","format":"standard","meta":[],"categories":[24],"tags":[],"_links":{"self":[{"href":"https:\/\/cokalosa.xkpnc7d6bisxm3b6.myfritz.net\/blog\/wp-json\/wp\/v2\/posts\/4914"}],"collection":[{"href":"https:\/\/cokalosa.xkpnc7d6bisxm3b6.myfritz.net\/blog\/wp-json\/wp\/v2\/posts"}],"about":[{"href":"https:\/\/cokalosa.xkpnc7d6bisxm3b6.myfritz.net\/blog\/wp-json\/wp\/v2\/types\/post"}],"author":[{"embeddable":true,"href":"https:\/\/cokalosa.xkpnc7d6bisxm3b6.myfritz.net\/blog\/wp-json\/wp\/v2\/users\/3"}],"replies":[{"embeddable":true,"href":"https:\/\/cokalosa.xkpnc7d6bisxm3b6.myfritz.net\/blog\/wp-json\/wp\/v2\/comments?post=4914"}],"version-history":[{"count":2,"href":"https:\/\/cokalosa.xkpnc7d6bisxm3b6.myfritz.net\/blog\/wp-json\/wp\/v2\/posts\/4914\/revisions"}],"predecessor-version":[{"id":4958,"href":"https:\/\/cokalosa.xkpnc7d6bisxm3b6.myfritz.net\/blog\/wp-json\/wp\/v2\/posts\/4914\/revisions\/4958"}],"wp:attachment":[{"href":"https:\/\/cokalosa.xkpnc7d6bisxm3b6.myfritz.net\/blog\/wp-json\/wp\/v2\/media?parent=4914"}],"wp:term":[{"taxonomy":"category","embeddable":true,"href":"https:\/\/cokalosa.xkpnc7d6bisxm3b6.myfritz.net\/blog\/wp-json\/wp\/v2\/categories?post=4914"},{"taxonomy":"post_tag","embeddable":true,"href":"https:\/\/cokalosa.xkpnc7d6bisxm3b6.myfritz.net\/blog\/wp-json\/wp\/v2\/tags?post=4914"}],"curies":[{"name":"wp","href":"https:\/\/api.w.org\/{rel}","templated":true}]}}