{"id":4830,"date":"2021-01-11T21:49:22","date_gmt":"2021-01-11T20:49:22","guid":{"rendered":"https:\/\/cokalosa.ctrc9x8i6indg0vl.myfritz.net\/blog\/?p=4830"},"modified":"2021-01-16T21:51:28","modified_gmt":"2021-01-16T20:51:28","slug":"lockdown-verschaerfung","status":"publish","type":"post","link":"https:\/\/cokalosa.xkpnc7d6bisxm3b6.myfritz.net\/blog\/lockdown-verschaerfung\/","title":{"rendered":"Lockdown Versch\u00e4rfung"},"content":{"rendered":"\n<figure class=\"wp-block-image size-large\"><img decoding=\"async\" width=\"862\" height=\"960\" src=\"https:\/\/cokalosa.ctrc9x8i6indg0vl.myfritz.net\/blog\/wp-content\/uploads\/2021\/01\/wp-1610829996046-862x960.jpg\" alt=\"\" class=\"wp-image-4827\" srcset=\"https:\/\/cokalosa.xkpnc7d6bisxm3b6.myfritz.net\/blog\/wp-content\/uploads\/2021\/01\/wp-1610829996046-862x960.jpg 862w, https:\/\/cokalosa.xkpnc7d6bisxm3b6.myfritz.net\/blog\/wp-content\/uploads\/2021\/01\/wp-1610829996046-215x240.jpg 215w, https:\/\/cokalosa.xkpnc7d6bisxm3b6.myfritz.net\/blog\/wp-content\/uploads\/2021\/01\/wp-1610829996046-90x100.jpg 90w, https:\/\/cokalosa.xkpnc7d6bisxm3b6.myfritz.net\/blog\/wp-content\/uploads\/2021\/01\/wp-1610829996046-768x855.jpg 768w, https:\/\/cokalosa.xkpnc7d6bisxm3b6.myfritz.net\/blog\/wp-content\/uploads\/2021\/01\/wp-1610829996046.jpg 1080w\" sizes=\"(max-width: 767px) 89vw, (max-width: 1000px) 54vw, (max-width: 1071px) 543px, 580px\" \/><\/figure>\n\n\n\n<p>Heute w\u00e4re eigentlich wieder Schulanfang nach den Weihnachtsferien gewesen. Wir machen komplett Distanzunterricht. Die Kita hat geschlossen. Es gibt es nur eine Notbetreuung. Diese nehmen wir an ausgew\u00e4hlten Tagen (diese Woche 3x, die n\u00e4chsten Wochen je 2x) in Anspruch. <\/p>\n\n\n\n<p>Immerhin nimmt die neue Kontaktbeschr\u00e4nkung unsere Kinder aus. D.h. Treffen mit Freunden sind nach wie vor m\u00f6glich. <\/p>\n\n\n\n<p><\/p>\n","protected":false},"excerpt":{"rendered":"<p>Heute w\u00e4re eigentlich wieder Schulanfang nach den Weihnachtsferien gewesen. Wir machen komplett Distanzunterricht. Die Kita hat geschlossen. Es gibt es nur eine Notbetreuung. Diese nehmen wir an ausgew\u00e4hlten Tagen (diese Woche 3x, die n\u00e4chsten Wochen je 2x) in Anspruch. Immerhin nimmt die neue Kontaktbeschr\u00e4nkung unsere Kinder aus. D.h. Treffen mit Freunden sind nach wie vor &hellip; <\/p>\n<p class=\"link-more\"><a href=\"https:\/\/cokalosa.xkpnc7d6bisxm3b6.myfritz.net\/blog\/lockdown-verschaerfung\/\" class=\"more-link\"><span class=\"screen-reader-text\">\u201eLockdown Versch\u00e4rfung\u201c<\/span> weiterlesen<\/a><\/p>\n","protected":false},"author":3,"featured_media":0,"comment_status":"open","ping_status":"open","sticky":false,"template":"","format":"standard","meta":[],"categories":[24,30,1],"tags":[52],"_links":{"self":[{"href":"https:\/\/cokalosa.xkpnc7d6bisxm3b6.myfritz.net\/blog\/wp-json\/wp\/v2\/posts\/4830"}],"collection":[{"href":"https:\/\/cokalosa.xkpnc7d6bisxm3b6.myfritz.net\/blog\/wp-json\/wp\/v2\/posts"}],"about":[{"href":"https:\/\/cokalosa.xkpnc7d6bisxm3b6.myfritz.net\/blog\/wp-json\/wp\/v2\/types\/post"}],"author":[{"embeddable":true,"href":"https:\/\/cokalosa.xkpnc7d6bisxm3b6.myfritz.net\/blog\/wp-json\/wp\/v2\/users\/3"}],"replies":[{"embeddable":true,"href":"https:\/\/cokalosa.xkpnc7d6bisxm3b6.myfritz.net\/blog\/wp-json\/wp\/v2\/comments?post=4830"}],"version-history":[{"count":1,"href":"https:\/\/cokalosa.xkpnc7d6bisxm3b6.myfritz.net\/blog\/wp-json\/wp\/v2\/posts\/4830\/revisions"}],"predecessor-version":[{"id":4831,"href":"https:\/\/cokalosa.xkpnc7d6bisxm3b6.myfritz.net\/blog\/wp-json\/wp\/v2\/posts\/4830\/revisions\/4831"}],"wp:attachment":[{"href":"https:\/\/cokalosa.xkpnc7d6bisxm3b6.myfritz.net\/blog\/wp-json\/wp\/v2\/media?parent=4830"}],"wp:term":[{"taxonomy":"category","embeddable":true,"href":"https:\/\/cokalosa.xkpnc7d6bisxm3b6.myfritz.net\/blog\/wp-json\/wp\/v2\/categories?post=4830"},{"taxonomy":"post_tag","embeddable":true,"href":"https:\/\/cokalosa.xkpnc7d6bisxm3b6.myfritz.net\/blog\/wp-json\/wp\/v2\/tags?post=4830"}],"curies":[{"name":"wp","href":"https:\/\/api.w.org\/{rel}","templated":true}]}}