{"id":4497,"date":"2020-09-24T14:50:17","date_gmt":"2020-09-24T12:50:17","guid":{"rendered":"https:\/\/cokalosa.ctrc9x8i6indg0vl.myfritz.net\/blog\/?p=4497"},"modified":"2020-11-05T21:51:48","modified_gmt":"2020-11-05T20:51:48","slug":"krippeneingewoehnung-samuel","status":"publish","type":"post","link":"https:\/\/cokalosa.xkpnc7d6bisxm3b6.myfritz.net\/blog\/krippeneingewoehnung-samuel\/","title":{"rendered":"Krippeneingew\u00f6hnung Samuel"},"content":{"rendered":"\n<figure class=\"wp-block-gallery columns-2 is-cropped wp-block-gallery-1 is-layout-flex\"><ul class=\"blocks-gallery-grid\"><li class=\"blocks-gallery-item\"><figure><img decoding=\"async\" width=\"1920\" height=\"2560\" src=\"https:\/\/cokalosa.ctrc9x8i6indg0vl.myfritz.net\/blog\/wp-content\/uploads\/2020\/11\/wp-1604609292020478315619027094973-scaled.jpg\" data-id=\"4578\" class=\"wp-image-4578\" srcset=\"https:\/\/cokalosa.xkpnc7d6bisxm3b6.myfritz.net\/blog\/wp-content\/uploads\/2020\/11\/wp-1604609292020478315619027094973-scaled.jpg 1920w, https:\/\/cokalosa.xkpnc7d6bisxm3b6.myfritz.net\/blog\/wp-content\/uploads\/2020\/11\/wp-1604609292020478315619027094973-180x240.jpg 180w, https:\/\/cokalosa.xkpnc7d6bisxm3b6.myfritz.net\/blog\/wp-content\/uploads\/2020\/11\/wp-1604609292020478315619027094973-720x960.jpg 720w, https:\/\/cokalosa.xkpnc7d6bisxm3b6.myfritz.net\/blog\/wp-content\/uploads\/2020\/11\/wp-1604609292020478315619027094973-75x100.jpg 75w, https:\/\/cokalosa.xkpnc7d6bisxm3b6.myfritz.net\/blog\/wp-content\/uploads\/2020\/11\/wp-1604609292020478315619027094973-768x1024.jpg 768w, https:\/\/cokalosa.xkpnc7d6bisxm3b6.myfritz.net\/blog\/wp-content\/uploads\/2020\/11\/wp-1604609292020478315619027094973-1152x1536.jpg 1152w, https:\/\/cokalosa.xkpnc7d6bisxm3b6.myfritz.net\/blog\/wp-content\/uploads\/2020\/11\/wp-1604609292020478315619027094973-1536x2048.jpg 1536w\" sizes=\"(max-width: 767px) 89vw, (max-width: 1000px) 54vw, (max-width: 1071px) 543px, 580px\" \/><\/figure><\/li><li class=\"blocks-gallery-item\"><figure><img decoding=\"async\" width=\"1920\" height=\"2560\" src=\"https:\/\/cokalosa.ctrc9x8i6indg0vl.myfritz.net\/blog\/wp-content\/uploads\/2020\/11\/wp-16046092920866006433508261433695-scaled.jpg\" data-id=\"4580\" class=\"wp-image-4580\" srcset=\"https:\/\/cokalosa.xkpnc7d6bisxm3b6.myfritz.net\/blog\/wp-content\/uploads\/2020\/11\/wp-16046092920866006433508261433695-scaled.jpg 1920w, https:\/\/cokalosa.xkpnc7d6bisxm3b6.myfritz.net\/blog\/wp-content\/uploads\/2020\/11\/wp-16046092920866006433508261433695-180x240.jpg 180w, https:\/\/cokalosa.xkpnc7d6bisxm3b6.myfritz.net\/blog\/wp-content\/uploads\/2020\/11\/wp-16046092920866006433508261433695-720x960.jpg 720w, https:\/\/cokalosa.xkpnc7d6bisxm3b6.myfritz.net\/blog\/wp-content\/uploads\/2020\/11\/wp-16046092920866006433508261433695-75x100.jpg 75w, https:\/\/cokalosa.xkpnc7d6bisxm3b6.myfritz.net\/blog\/wp-content\/uploads\/2020\/11\/wp-16046092920866006433508261433695-768x1024.jpg 768w, https:\/\/cokalosa.xkpnc7d6bisxm3b6.myfritz.net\/blog\/wp-content\/uploads\/2020\/11\/wp-16046092920866006433508261433695-1152x1536.jpg 1152w, https:\/\/cokalosa.xkpnc7d6bisxm3b6.myfritz.net\/blog\/wp-content\/uploads\/2020\/11\/wp-16046092920866006433508261433695-1536x2048.jpg 1536w\" sizes=\"(max-width: 767px) 89vw, (max-width: 1000px) 54vw, (max-width: 1071px) 543px, 580px\" \/><\/figure><\/li><\/ul><\/figure>\n\n\n\n<ul><li>Erster Krippentag am 03.09. Ausgerechnet heute schl\u00e4ft Samuel sehr lange. Ich denke er ist wach und mache seine T\u00fcr auf, aber anscheinend war er noch nicht richtig wach. Er ist schlecht drauf. Wir haben es auch eilig und fr\u00fchst\u00fccken kurz. Das mag er aber auch nicht richtig und schlussendlich schreit den ganzen Weg dorthin im Auto. (So etwas hatten wir noch nie). Interessant aber, als wir dort ankommen und ich parke, deutet er auf das Geb\u00e4ude, scheint sich zu freuen und h\u00f6rt auf und ist guter Laune. Er l\u00e4uft selbstst\u00e4ndig zum Geb\u00e4ude und hinein. <\/li><li>04.09. Heute morgen l\u00e4uft alles gut und normal. Samuel l\u00e4uft selbstst\u00e4ndig und fr\u00f6hlich ins Geb\u00e4ude.<\/li><\/ul>\n\n\n\n<figure class=\"wp-block-image size-large\"><img decoding=\"async\" width=\"1920\" height=\"2560\" src=\"https:\/\/cokalosa.ctrc9x8i6indg0vl.myfritz.net\/blog\/wp-content\/uploads\/2020\/11\/wp-16046092918025564336690331212806-scaled.jpg\" alt=\"\" class=\"wp-image-4579\" srcset=\"https:\/\/cokalosa.xkpnc7d6bisxm3b6.myfritz.net\/blog\/wp-content\/uploads\/2020\/11\/wp-16046092918025564336690331212806-scaled.jpg 1920w, https:\/\/cokalosa.xkpnc7d6bisxm3b6.myfritz.net\/blog\/wp-content\/uploads\/2020\/11\/wp-16046092918025564336690331212806-180x240.jpg 180w, https:\/\/cokalosa.xkpnc7d6bisxm3b6.myfritz.net\/blog\/wp-content\/uploads\/2020\/11\/wp-16046092918025564336690331212806-720x960.jpg 720w, https:\/\/cokalosa.xkpnc7d6bisxm3b6.myfritz.net\/blog\/wp-content\/uploads\/2020\/11\/wp-16046092918025564336690331212806-75x100.jpg 75w, https:\/\/cokalosa.xkpnc7d6bisxm3b6.myfritz.net\/blog\/wp-content\/uploads\/2020\/11\/wp-16046092918025564336690331212806-768x1024.jpg 768w, https:\/\/cokalosa.xkpnc7d6bisxm3b6.myfritz.net\/blog\/wp-content\/uploads\/2020\/11\/wp-16046092918025564336690331212806-1152x1536.jpg 1152w, https:\/\/cokalosa.xkpnc7d6bisxm3b6.myfritz.net\/blog\/wp-content\/uploads\/2020\/11\/wp-16046092918025564336690331212806-1536x2048.jpg 1536w\" sizes=\"(max-width: 767px) 89vw, (max-width: 1000px) 54vw, (max-width: 1071px) 543px, 580px\" \/><figcaption>2. Krippentag.<\/figcaption><\/figure>\n\n\n\n<ul><li>Aussetzen am 07.09. wegen Lehrerkonferenz. Oma kommt.<\/li><li>09.09. erste Trennung f\u00fcr knapp 10 Minuten. Lief super<\/li><li>10.09. wieder ca. 10 Minuten<\/li><li>14.09. ca. 20 Minuten<\/li><li>15.09. Samuel ist krank (Kai auch)<\/li><li>16.09. Trennung f\u00fcr 30 Minuten. Ich bringe Lorena in die Krippe, halte in der 2. Stunde Unterricht und fahre dann sofort zur Krippe. Dort treffe ich Kai (heute noch zu Hause), der Samuel bringt.<\/li><li>17.09. Wir wollten Trennung bis zu 45 Minuten machen. Ich war keine 2 Minuten im Gruppenraum, da schickt mich die Erzieherin raus, weil Samuel mich nicht braucht. Also machen wir 1 Stunde Trennung. L\u00e4uft prima.<\/li><li>21.09. Samuel meckert zum ersten Mal als ich ihn an der T\u00fcr abgebe. Er beruhigt sich aber kurz danach. Ich bringe ihn um 9 Uhr.<\/li><li>22.09. Samuel und Lorena gehen zum ersten Mal gemeinsam um 8:30 Uhr zum Fr\u00fchst\u00fcck hin. Samuel fr\u00fchst\u00fcckt nichts. Er muss sich wohl erst an die Situation gew\u00f6hnen.<\/li><li>23.09. Samuel und Lorena gehen beide um 8 Uhr hin. Die Aufw\u00e4rmzeit vor dem Fr\u00fchst\u00fcck ist wohl gut. Samuel isst gut.<\/li><li>24.09. 8-11 Uhr. <\/li><li>25.09. 8.15 &#8211; 11.45 Uhr. Zum ersten Mal Mittagessen<\/li><li>28.09. Wieder bis inkl. Mittagessen, da Montag kein neuer Schritt<\/li><li>29.09. Zum ersten Mal schlafen. Er schl\u00e4ft 2:20 Std und wird am Ende geweckt. Also v\u00f6llig problemlos. Abholen um 14 Uhr.<\/li><li>30.09. Abholen um 14.30. Wir holen gemeinsam ab, da es Lorenas letzter Krippentag ist. <\/li><li>01.10. Ich werde um kurz nach 10 angerufen, dass ich Samuel holen soll. Sein Auge habe getr\u00e4nt und er ist so anh\u00e4nglich. Ich hole ihn nach Lorena ab und er ist bestens drauf. Vermutung: er hatte Hunger und hat evtl. Lorena vermisst. <\/li><li>02.10. Abholen um 15 Uhr<\/li><li>05.10. Bringen 7.30, abholen 15.30. Samuel ist also komplett eingew\u00f6hnt \ud83d\ude42<\/li><\/ul>\n\n\n\n<figure class=\"wp-block-gallery columns-1 is-cropped wp-block-gallery-3 is-layout-flex\"><ul class=\"blocks-gallery-grid\"><li class=\"blocks-gallery-item\"><figure><img decoding=\"async\" width=\"737\" height=\"2560\" src=\"https:\/\/cokalosa.ctrc9x8i6indg0vl.myfritz.net\/blog\/wp-content\/uploads\/2020\/11\/wp-1604609089618-scaled.jpg\" data-id=\"4576\" class=\"wp-image-4576\" srcset=\"https:\/\/cokalosa.xkpnc7d6bisxm3b6.myfritz.net\/blog\/wp-content\/uploads\/2020\/11\/wp-1604609089618-scaled.jpg 737w, https:\/\/cokalosa.xkpnc7d6bisxm3b6.myfritz.net\/blog\/wp-content\/uploads\/2020\/11\/wp-1604609089618-69x240.jpg 69w, https:\/\/cokalosa.xkpnc7d6bisxm3b6.myfritz.net\/blog\/wp-content\/uploads\/2020\/11\/wp-1604609089618-29x100.jpg 29w, https:\/\/cokalosa.xkpnc7d6bisxm3b6.myfritz.net\/blog\/wp-content\/uploads\/2020\/11\/wp-1604609089618-442x1536.jpg 442w, https:\/\/cokalosa.xkpnc7d6bisxm3b6.myfritz.net\/blog\/wp-content\/uploads\/2020\/11\/wp-1604609089618-590x2048.jpg 590w\" sizes=\"(max-width: 737px) 100vw, 737px\" \/><figcaption class=\"blocks-gallery-item__caption\">Samuels Garderobenplatz<\/figcaption><\/figure><\/li><\/ul><\/figure>\n","protected":false},"excerpt":{"rendered":"<p>Erster Krippentag am 03.09. Ausgerechnet heute schl\u00e4ft Samuel sehr lange. Ich denke er ist wach und mache seine T\u00fcr auf, aber anscheinend war er noch nicht richtig wach. Er ist schlecht drauf. Wir haben es auch eilig und fr\u00fchst\u00fccken kurz. Das mag er aber auch nicht richtig und schlussendlich schreit den ganzen Weg dorthin im &hellip; <\/p>\n<p class=\"link-more\"><a href=\"https:\/\/cokalosa.xkpnc7d6bisxm3b6.myfritz.net\/blog\/krippeneingewoehnung-samuel\/\" class=\"more-link\"><span class=\"screen-reader-text\">\u201eKrippeneingew\u00f6hnung Samuel\u201c<\/span> weiterlesen<\/a><\/p>\n","protected":false},"author":3,"featured_media":0,"comment_status":"open","ping_status":"open","sticky":false,"template":"","format":"standard","meta":[],"categories":[30],"tags":[],"_links":{"self":[{"href":"https:\/\/cokalosa.xkpnc7d6bisxm3b6.myfritz.net\/blog\/wp-json\/wp\/v2\/posts\/4497"}],"collection":[{"href":"https:\/\/cokalosa.xkpnc7d6bisxm3b6.myfritz.net\/blog\/wp-json\/wp\/v2\/posts"}],"about":[{"href":"https:\/\/cokalosa.xkpnc7d6bisxm3b6.myfritz.net\/blog\/wp-json\/wp\/v2\/types\/post"}],"author":[{"embeddable":true,"href":"https:\/\/cokalosa.xkpnc7d6bisxm3b6.myfritz.net\/blog\/wp-json\/wp\/v2\/users\/3"}],"replies":[{"embeddable":true,"href":"https:\/\/cokalosa.xkpnc7d6bisxm3b6.myfritz.net\/blog\/wp-json\/wp\/v2\/comments?post=4497"}],"version-history":[{"count":5,"href":"https:\/\/cokalosa.xkpnc7d6bisxm3b6.myfritz.net\/blog\/wp-json\/wp\/v2\/posts\/4497\/revisions"}],"predecessor-version":[{"id":4583,"href":"https:\/\/cokalosa.xkpnc7d6bisxm3b6.myfritz.net\/blog\/wp-json\/wp\/v2\/posts\/4497\/revisions\/4583"}],"wp:attachment":[{"href":"https:\/\/cokalosa.xkpnc7d6bisxm3b6.myfritz.net\/blog\/wp-json\/wp\/v2\/media?parent=4497"}],"wp:term":[{"taxonomy":"category","embeddable":true,"href":"https:\/\/cokalosa.xkpnc7d6bisxm3b6.myfritz.net\/blog\/wp-json\/wp\/v2\/categories?post=4497"},{"taxonomy":"post_tag","embeddable":true,"href":"https:\/\/cokalosa.xkpnc7d6bisxm3b6.myfritz.net\/blog\/wp-json\/wp\/v2\/tags?post=4497"}],"curies":[{"name":"wp","href":"https:\/\/api.w.org\/{rel}","templated":true}]}}