{"id":4492,"date":"2020-08-26T22:47:49","date_gmt":"2020-08-26T20:47:49","guid":{"rendered":"https:\/\/cokalosa.ctrc9x8i6indg0vl.myfritz.net\/blog\/?p=4492"},"modified":"2020-08-27T12:47:54","modified_gmt":"2020-08-27T10:47:54","slug":"tag-16-26-08-2020-camping-belsito-nach-camping-steiner","status":"publish","type":"post","link":"https:\/\/cokalosa.xkpnc7d6bisxm3b6.myfritz.net\/blog\/tag-16-26-08-2020-camping-belsito-nach-camping-steiner\/","title":{"rendered":"Tag 16 &#8211; 26.08.2020 &#8211; Camping Belsito nach Camping Steiner"},"content":{"rendered":"\n<p>Das Aufr\u00e4umen ist wieder langwierig, da sich einer von uns immer um Samuel k\u00fcmmern muss. Wir fahren um kurz vor 10 Uhr auf unserem Stellplatz los. Bis Kai den Wohnwagen wieder bestens nach unten man\u00f6vriert hat und wir gezahlt haben usw. ist es 10.20 Uhr bis wir die R\u00fcckfahrt starten. Die Kinder schlafen gut und lange. Erster Stopp ist am Rastplatz Po, weil Lorena aufs Klo muss. Samuel wacht dann auch auf. Danach braucht Samuel viel Bespa\u00dfung und v.a. Bewegung, deshalb halten wir wieder an einem Rastplatz in der N\u00e4he Trient an. Dort l\u00e4uft er mit Kai neben den LKWs auf und ab. Samuel schl\u00e4ft dann nochmal ein und wir fahren wie schon auf der Hinfahrt zum Camping Steiner. Dort spielen die kids gleich begeistert auf dem sch\u00f6nen Spielplatz. Wir lassen sie auch nach dem Abendessen nochmal spielen, da sie die Bewegung brauchen. Alle noch Duschen und ab 21.30 Uhr ab ins Bett. <\/p>\n","protected":false},"excerpt":{"rendered":"<p>Das Aufr\u00e4umen ist wieder langwierig, da sich einer von uns immer um Samuel k\u00fcmmern muss. Wir fahren um kurz vor 10 Uhr auf unserem Stellplatz los. Bis Kai den Wohnwagen wieder bestens nach unten man\u00f6vriert hat und wir gezahlt haben usw. ist es 10.20 Uhr bis wir die R\u00fcckfahrt starten. Die Kinder schlafen gut und &hellip; <\/p>\n<p class=\"link-more\"><a href=\"https:\/\/cokalosa.xkpnc7d6bisxm3b6.myfritz.net\/blog\/tag-16-26-08-2020-camping-belsito-nach-camping-steiner\/\" class=\"more-link\"><span class=\"screen-reader-text\">\u201eTag 16 &#8211; 26.08.2020 &#8211; Camping Belsito nach Camping Steiner\u201c<\/span> weiterlesen<\/a><\/p>\n","protected":false},"author":3,"featured_media":0,"comment_status":"open","ping_status":"open","sticky":false,"template":"","format":"standard","meta":[],"categories":[34],"tags":[],"_links":{"self":[{"href":"https:\/\/cokalosa.xkpnc7d6bisxm3b6.myfritz.net\/blog\/wp-json\/wp\/v2\/posts\/4492"}],"collection":[{"href":"https:\/\/cokalosa.xkpnc7d6bisxm3b6.myfritz.net\/blog\/wp-json\/wp\/v2\/posts"}],"about":[{"href":"https:\/\/cokalosa.xkpnc7d6bisxm3b6.myfritz.net\/blog\/wp-json\/wp\/v2\/types\/post"}],"author":[{"embeddable":true,"href":"https:\/\/cokalosa.xkpnc7d6bisxm3b6.myfritz.net\/blog\/wp-json\/wp\/v2\/users\/3"}],"replies":[{"embeddable":true,"href":"https:\/\/cokalosa.xkpnc7d6bisxm3b6.myfritz.net\/blog\/wp-json\/wp\/v2\/comments?post=4492"}],"version-history":[{"count":1,"href":"https:\/\/cokalosa.xkpnc7d6bisxm3b6.myfritz.net\/blog\/wp-json\/wp\/v2\/posts\/4492\/revisions"}],"predecessor-version":[{"id":4493,"href":"https:\/\/cokalosa.xkpnc7d6bisxm3b6.myfritz.net\/blog\/wp-json\/wp\/v2\/posts\/4492\/revisions\/4493"}],"wp:attachment":[{"href":"https:\/\/cokalosa.xkpnc7d6bisxm3b6.myfritz.net\/blog\/wp-json\/wp\/v2\/media?parent=4492"}],"wp:term":[{"taxonomy":"category","embeddable":true,"href":"https:\/\/cokalosa.xkpnc7d6bisxm3b6.myfritz.net\/blog\/wp-json\/wp\/v2\/categories?post=4492"},{"taxonomy":"post_tag","embeddable":true,"href":"https:\/\/cokalosa.xkpnc7d6bisxm3b6.myfritz.net\/blog\/wp-json\/wp\/v2\/tags?post=4492"}],"curies":[{"name":"wp","href":"https:\/\/api.w.org\/{rel}","templated":true}]}}