{"id":3715,"date":"2019-09-02T12:06:45","date_gmt":"2019-09-02T10:06:45","guid":{"rendered":"https:\/\/cokalosa.ctrc9x8i6indg0vl.myfritz.net\/blog\/?p=3715"},"modified":"2019-09-04T13:06:18","modified_gmt":"2019-09-04T11:06:18","slug":"lorenas-1-krippentag","status":"publish","type":"post","link":"https:\/\/cokalosa.xkpnc7d6bisxm3b6.myfritz.net\/blog\/lorenas-1-krippentag\/","title":{"rendered":"Lorenas 1. Krippentag"},"content":{"rendered":"<p><img decoding=\"async\" class=\"wp-image-3714 alignnone size-full\" src=\"https:\/\/cokalosa.ctrc9x8i6indg0vl.myfritz.net\/blog\/wp-content\/uploads\/2019\/09\/20190902_0913368060641999912226206.jpg\" width=\"756\" height=\"1008\" srcset=\"https:\/\/cokalosa.xkpnc7d6bisxm3b6.myfritz.net\/blog\/wp-content\/uploads\/2019\/09\/20190902_0913368060641999912226206.jpg 756w, https:\/\/cokalosa.xkpnc7d6bisxm3b6.myfritz.net\/blog\/wp-content\/uploads\/2019\/09\/20190902_0913368060641999912226206-75x100.jpg 75w, https:\/\/cokalosa.xkpnc7d6bisxm3b6.myfritz.net\/blog\/wp-content\/uploads\/2019\/09\/20190902_0913368060641999912226206-180x240.jpg 180w, https:\/\/cokalosa.xkpnc7d6bisxm3b6.myfritz.net\/blog\/wp-content\/uploads\/2019\/09\/20190902_0913368060641999912226206-720x960.jpg 720w\" sizes=\"(max-width: 706px) 89vw, (max-width: 767px) 82vw, 740px\" \/><\/p>\n<p>Ein neuer Lebensabschnitt beginnt: Lorena geht in die Krippe, Marienk\u00e4fergruppe in St. Christophorus.<\/p>\n<p>Mama ist sehr aufgeregt wie es wohl wird und Lorena freut sich auch schon. Ihren neuen Rucksack mit Flasche findet sie ganz toll.<\/p>\n<p>Wir m\u00fcssen um 9.30 dort sein. Wir geben Samuel bei Violetta ab, Kai geht in die Schule und Lorena f\u00e4hrt mit mir im Fahrradanh\u00e4nger hin. Bin heute einfach zusammen mit Lorena im Gruppenraum mit Agnes, der Gruppenleitung, die Lorena eingew\u00f6hnt. Einige Kinder spielen im Gang, damit es f\u00fcr Lorena im Raum nicht zu trubelig ist. Lorena schaut sich alle Spielsachen an und f\u00fchlt sich wohl. Um 10.30 gehen wir wieder.<\/p>\n","protected":false},"excerpt":{"rendered":"<p>Ein neuer Lebensabschnitt beginnt: Lorena geht in die Krippe, Marienk\u00e4fergruppe in St. Christophorus. Mama ist sehr aufgeregt wie es wohl wird und Lorena freut sich auch schon. Ihren neuen Rucksack mit Flasche findet sie ganz toll. Wir m\u00fcssen um 9.30 dort sein. Wir geben Samuel bei Violetta ab, Kai geht in die Schule und Lorena &hellip; <\/p>\n<p class=\"link-more\"><a href=\"https:\/\/cokalosa.xkpnc7d6bisxm3b6.myfritz.net\/blog\/lorenas-1-krippentag\/\" class=\"more-link\"><span class=\"screen-reader-text\">\u201eLorenas 1. Krippentag\u201c<\/span> weiterlesen<\/a><\/p>\n","protected":false},"author":3,"featured_media":0,"comment_status":"open","ping_status":"open","sticky":false,"template":"","format":"standard","meta":[],"categories":[24],"tags":[],"_links":{"self":[{"href":"https:\/\/cokalosa.xkpnc7d6bisxm3b6.myfritz.net\/blog\/wp-json\/wp\/v2\/posts\/3715"}],"collection":[{"href":"https:\/\/cokalosa.xkpnc7d6bisxm3b6.myfritz.net\/blog\/wp-json\/wp\/v2\/posts"}],"about":[{"href":"https:\/\/cokalosa.xkpnc7d6bisxm3b6.myfritz.net\/blog\/wp-json\/wp\/v2\/types\/post"}],"author":[{"embeddable":true,"href":"https:\/\/cokalosa.xkpnc7d6bisxm3b6.myfritz.net\/blog\/wp-json\/wp\/v2\/users\/3"}],"replies":[{"embeddable":true,"href":"https:\/\/cokalosa.xkpnc7d6bisxm3b6.myfritz.net\/blog\/wp-json\/wp\/v2\/comments?post=3715"}],"version-history":[{"count":2,"href":"https:\/\/cokalosa.xkpnc7d6bisxm3b6.myfritz.net\/blog\/wp-json\/wp\/v2\/posts\/3715\/revisions"}],"predecessor-version":[{"id":3717,"href":"https:\/\/cokalosa.xkpnc7d6bisxm3b6.myfritz.net\/blog\/wp-json\/wp\/v2\/posts\/3715\/revisions\/3717"}],"wp:attachment":[{"href":"https:\/\/cokalosa.xkpnc7d6bisxm3b6.myfritz.net\/blog\/wp-json\/wp\/v2\/media?parent=3715"}],"wp:term":[{"taxonomy":"category","embeddable":true,"href":"https:\/\/cokalosa.xkpnc7d6bisxm3b6.myfritz.net\/blog\/wp-json\/wp\/v2\/categories?post=3715"},{"taxonomy":"post_tag","embeddable":true,"href":"https:\/\/cokalosa.xkpnc7d6bisxm3b6.myfritz.net\/blog\/wp-json\/wp\/v2\/tags?post=3715"}],"curies":[{"name":"wp","href":"https:\/\/api.w.org\/{rel}","templated":true}]}}