{"id":3577,"date":"2019-08-17T13:44:35","date_gmt":"2019-08-17T11:44:35","guid":{"rendered":"https:\/\/cokalosa.ctrc9x8i6indg0vl.myfritz.net\/blog\/?p=3577"},"modified":"2019-08-28T07:57:31","modified_gmt":"2019-08-28T05:57:31","slug":"tag-01-von-daheim-nach-leifers","status":"publish","type":"post","link":"https:\/\/cokalosa.xkpnc7d6bisxm3b6.myfritz.net\/blog\/tag-01-von-daheim-nach-leifers\/","title":{"rendered":"Tag 01 &#8211; 15.08.2019 &#8211; von daheim nach Leifers"},"content":{"rendered":"<p>Obwohl wir alle fr\u00fch wach sind, wird es 10:50 bis wir losfahren. Das ist zwar sp\u00e4ter aus erhofft, aber immer noch fr\u00fcher als im Jahr davor. Kurz vor Memmingen kommen wir in den ersten kleinen Stau, den wir (wie sich sp\u00e4ter herausstellt) unn\u00f6tigerweise umfahren. Zeitverlust: ca. 5 min. Ansonsten l\u00e4uft die Fahrt ganz gut. Samuel verpennt die komplette Fahrt. Lorena schl\u00e4ft gegen 12:30 ein und wacht erst am Brenner wieder auf. Oben angekommen machen wir Pause von 15:00 bis 16:30. Lorena tobt sich dabei ein bisschen aus und ist danach fit f\u00fcr die Weiterfahrt.<\/p>\n<p>Die Campingplatzsuche f\u00fcr die Zwischen\u00fcbernachtung verl\u00e4uft \u00e4hnlich erfolglos wie im Vorjahr. Cordula wird nach einigen Telefonaten wieder f\u00fcndig beim Steiner in Leifers. Einziger Haken dabei: wir stehen auf einen normalen Parkplatz (eigentlich auf einem Weg). Das st\u00f6rt aber nicht besonders und wir sparen auch noch ein paar Euro. W\u00e4hrend sich Cordula um Samuel und das Essen k\u00fcmmert, geh ich mit Lorena auf den Spielplatz. Sie traut sich ganz alleine auf eine hohe Rutsche und rutscht auch noch ganz alleine runter.<\/p>\n<p>Nach dem Essen machen wir die Kinder und uns fertig f\u00fcr&#8217;s Bett, haben aber Schwierigkeiten Lorena zum Schlafen zu bringen, da es heftig gewittert und sie die erste Nacht im Wohnwagen sehr aufregend findet. Ich lege mich zu ihr und es dauert eine gef\u00fchlte Ewigkeit bis sie in den Schlaf findet.<\/p>\n","protected":false},"excerpt":{"rendered":"<p>Kaum Stau am ersten Fahrtag nach Leifers<\/p>\n","protected":false},"author":1,"featured_media":0,"comment_status":"open","ping_status":"open","sticky":false,"template":"","format":"standard","meta":[],"categories":[31,1],"tags":[],"_links":{"self":[{"href":"https:\/\/cokalosa.xkpnc7d6bisxm3b6.myfritz.net\/blog\/wp-json\/wp\/v2\/posts\/3577"}],"collection":[{"href":"https:\/\/cokalosa.xkpnc7d6bisxm3b6.myfritz.net\/blog\/wp-json\/wp\/v2\/posts"}],"about":[{"href":"https:\/\/cokalosa.xkpnc7d6bisxm3b6.myfritz.net\/blog\/wp-json\/wp\/v2\/types\/post"}],"author":[{"embeddable":true,"href":"https:\/\/cokalosa.xkpnc7d6bisxm3b6.myfritz.net\/blog\/wp-json\/wp\/v2\/users\/1"}],"replies":[{"embeddable":true,"href":"https:\/\/cokalosa.xkpnc7d6bisxm3b6.myfritz.net\/blog\/wp-json\/wp\/v2\/comments?post=3577"}],"version-history":[{"count":4,"href":"https:\/\/cokalosa.xkpnc7d6bisxm3b6.myfritz.net\/blog\/wp-json\/wp\/v2\/posts\/3577\/revisions"}],"predecessor-version":[{"id":3700,"href":"https:\/\/cokalosa.xkpnc7d6bisxm3b6.myfritz.net\/blog\/wp-json\/wp\/v2\/posts\/3577\/revisions\/3700"}],"wp:attachment":[{"href":"https:\/\/cokalosa.xkpnc7d6bisxm3b6.myfritz.net\/blog\/wp-json\/wp\/v2\/media?parent=3577"}],"wp:term":[{"taxonomy":"category","embeddable":true,"href":"https:\/\/cokalosa.xkpnc7d6bisxm3b6.myfritz.net\/blog\/wp-json\/wp\/v2\/categories?post=3577"},{"taxonomy":"post_tag","embeddable":true,"href":"https:\/\/cokalosa.xkpnc7d6bisxm3b6.myfritz.net\/blog\/wp-json\/wp\/v2\/tags?post=3577"}],"curies":[{"name":"wp","href":"https:\/\/api.w.org\/{rel}","templated":true}]}}