{"id":3296,"date":"2018-08-28T13:18:20","date_gmt":"2018-08-28T11:18:20","guid":{"rendered":"https:\/\/ctrc9x8i6indg0vl.myfritz.net:85\/wordpress\/?p=3296"},"modified":"2018-08-28T13:21:25","modified_gmt":"2018-08-28T11:21:25","slug":"tag-11-26-08-2018-campingplatz-belsito","status":"publish","type":"post","link":"https:\/\/cokalosa.xkpnc7d6bisxm3b6.myfritz.net\/blog\/tag-11-26-08-2018-campingplatz-belsito\/","title":{"rendered":"Tag 11, 26.08.2018, Campingplatz Belsito"},"content":{"rendered":"<p>Das war eine Nacht! Lorena meldet sich um kurz vor 3:00. Erst versucht Cordula ihr Gl\u00fcck, dann ich. Vergeblich. Um 3:30 holen wir sie zu uns ins Bett. Sie kr\u00fcmmt sich teilweise vor Schmerzen und l\u00e4sst sich immer nur kurz beruhigen. Bis sie nach K\u00fcgelchen, einer Spieleinheit, Stillen und Z\u00e4pfchen wieder einschl\u00e4ft ist es 5:20. Wir gehen davon aus, dass sie lange schlafen wird, werden allerdings um 9:00 eines besseren belehrt. Sie wirkt zwar immer noch sehr m\u00fcde und schlapp, l\u00e4sst sich aber nicht mehr in den Schlaf bringen. Wir verbringen noch eine ganze Weile im Bett bis wir aufstehen. Lorena braucht Bewegung und l\u00e4uft zum ersten Mal mit Schuhen ganz gut. Sie will &#8222;nat\u00fcrlich&#8220; zum Olivenbaum auf der anderen &#8222;Stra\u00dfenseite&#8220;. Fr\u00fchst\u00fcck gibt es heute erst kurz vor 12:00. Um 13:30 ist dann schon wieder Zeit f\u00fcr Lorenas Mittagessen. Sie ist nicht viel und macht langsam einen m\u00fcssen Eindruck. Es ist allerdings kurz vor 14:30 bis sie in Cordulas Arm einschl\u00e4ft.<\/p>\n","protected":false},"excerpt":{"rendered":"<p>Das war eine Nacht! Lorena meldet sich um kurz vor 3:00. Erst versucht Cordula ihr Gl\u00fcck, dann ich. Vergeblich. Um 3:30 holen wir sie zu uns ins Bett. Sie kr\u00fcmmt sich teilweise vor Schmerzen und l\u00e4sst sich immer nur kurz beruhigen. Bis sie nach K\u00fcgelchen, einer Spieleinheit, Stillen und Z\u00e4pfchen wieder einschl\u00e4ft ist es 5:20. &hellip; <\/p>\n<p class=\"link-more\"><a href=\"https:\/\/cokalosa.xkpnc7d6bisxm3b6.myfritz.net\/blog\/tag-11-26-08-2018-campingplatz-belsito\/\" class=\"more-link\"><span class=\"screen-reader-text\">\u201eTag 11, 26.08.2018, Campingplatz Belsito\u201c<\/span> weiterlesen<\/a><\/p>\n","protected":false},"author":4,"featured_media":0,"comment_status":"open","ping_status":"open","sticky":false,"template":"","format":"standard","meta":[],"categories":[28],"tags":[],"_links":{"self":[{"href":"https:\/\/cokalosa.xkpnc7d6bisxm3b6.myfritz.net\/blog\/wp-json\/wp\/v2\/posts\/3296"}],"collection":[{"href":"https:\/\/cokalosa.xkpnc7d6bisxm3b6.myfritz.net\/blog\/wp-json\/wp\/v2\/posts"}],"about":[{"href":"https:\/\/cokalosa.xkpnc7d6bisxm3b6.myfritz.net\/blog\/wp-json\/wp\/v2\/types\/post"}],"author":[{"embeddable":true,"href":"https:\/\/cokalosa.xkpnc7d6bisxm3b6.myfritz.net\/blog\/wp-json\/wp\/v2\/users\/4"}],"replies":[{"embeddable":true,"href":"https:\/\/cokalosa.xkpnc7d6bisxm3b6.myfritz.net\/blog\/wp-json\/wp\/v2\/comments?post=3296"}],"version-history":[{"count":4,"href":"https:\/\/cokalosa.xkpnc7d6bisxm3b6.myfritz.net\/blog\/wp-json\/wp\/v2\/posts\/3296\/revisions"}],"predecessor-version":[{"id":3305,"href":"https:\/\/cokalosa.xkpnc7d6bisxm3b6.myfritz.net\/blog\/wp-json\/wp\/v2\/posts\/3296\/revisions\/3305"}],"wp:attachment":[{"href":"https:\/\/cokalosa.xkpnc7d6bisxm3b6.myfritz.net\/blog\/wp-json\/wp\/v2\/media?parent=3296"}],"wp:term":[{"taxonomy":"category","embeddable":true,"href":"https:\/\/cokalosa.xkpnc7d6bisxm3b6.myfritz.net\/blog\/wp-json\/wp\/v2\/categories?post=3296"},{"taxonomy":"post_tag","embeddable":true,"href":"https:\/\/cokalosa.xkpnc7d6bisxm3b6.myfritz.net\/blog\/wp-json\/wp\/v2\/tags?post=3296"}],"curies":[{"name":"wp","href":"https:\/\/api.w.org\/{rel}","templated":true}]}}