{"id":3256,"date":"2018-08-22T22:01:39","date_gmt":"2018-08-22T20:01:39","guid":{"rendered":"https:\/\/ctrc9x8i6indg0vl.myfritz.net:85\/wordpress\/?p=3256"},"modified":"2018-08-22T23:08:02","modified_gmt":"2018-08-22T21:08:02","slug":"tag-05-20-08-2018-montecatini-alto-und-campingplatz-belsito","status":"publish","type":"post","link":"https:\/\/cokalosa.xkpnc7d6bisxm3b6.myfritz.net\/blog\/tag-05-20-08-2018-montecatini-alto-und-campingplatz-belsito\/","title":{"rendered":"Tag 05, 20.08.2018, Montecatini Alto und Campingplatz Belsito"},"content":{"rendered":"<p>Lorena schl\u00e4ft ab 5:00 sehr unruhig. Um 7:00 holen wir sie zu uns. Wir schaffen es nicht sie wieder einzuschl\u00e4fern. Anscheinend hat sie Schmerzen, da sie sich kr\u00fcmmt und immer wieder in die Froschposition geht. Um 8:15 stillt Cordula sie in den Schlaf und sie schl\u00e4ft in meinem Arm bis 10:20 weiter bis sie von einer Heckenschere geweckt wird.<\/p>\n<p><img decoding=\"async\" src=\"https:\/\/ctrc9x8i6indg0vl.myfritz.net:85\/wordpress\/wp-content\/uploads\/2018\/08\/20180820_1922327650742277348104118.jpg\" class=\"wp-image-3269 alignnone size-full\" width=\"1000\" height=\"750\" srcset=\"https:\/\/cokalosa.xkpnc7d6bisxm3b6.myfritz.net\/blog\/wp-content\/uploads\/2018\/08\/20180820_1922327650742277348104118.jpg 1000w, https:\/\/cokalosa.xkpnc7d6bisxm3b6.myfritz.net\/blog\/wp-content\/uploads\/2018\/08\/20180820_1922327650742277348104118-100x75.jpg 100w, https:\/\/cokalosa.xkpnc7d6bisxm3b6.myfritz.net\/blog\/wp-content\/uploads\/2018\/08\/20180820_1922327650742277348104118-240x180.jpg 240w, https:\/\/cokalosa.xkpnc7d6bisxm3b6.myfritz.net\/blog\/wp-content\/uploads\/2018\/08\/20180820_1922327650742277348104118-768x576.jpg 768w, https:\/\/cokalosa.xkpnc7d6bisxm3b6.myfritz.net\/blog\/wp-content\/uploads\/2018\/08\/20180820_1922327650742277348104118-960x720.jpg 960w\" sizes=\"(max-width: 767px) 89vw, (max-width: 1000px) 54vw, (max-width: 1071px) 543px, 580px\" \/><\/p>\n<p>Wir entscheiden uns nach Montecatini Alto zu fahren, um dort zu fr\u00fchst\u00fccken. Wir machen Lorena und uns fertig und sind um 11:30 in Montecatini Alto. Wir spazieren zum zentralen Platz und setzen uns dort in eines der zahlreichen Caf\u00e9s\/Restaurants. S\u00fc\u00dfe St\u00fcckchen, wie Cordula sie gerne h\u00e4tte, gibt es leider nicht &#8211; stattdessen den Cappuccino f\u00fcr 3,50\u20ac und den Spritz f\u00fcr 5,00\u20ac. Touripreise. Immerhin gibt es Chips dazu. Die Eisdiele nebenan macht aber einiges wieder gut. Danach schauen wir uns noch eine Kirche an, die mit ihrer Gr\u00f6\u00dfe irgendwie gar nicht zu dem engen Gassen und dicht gedr\u00e4ngten H\u00e4usern passt, aber ganz sch\u00f6n ist. Wir gehen wieder \u00fcber den Hauptplatz und dann den Berg wir hinauf zum Torre dell&#8217;Orologio, der einfach nur alt ist. Die Kirche nebenan ist eher schmucklos, aber wieder \u00fcberproportional dimensioniert. Dann geht es wieder bergab und vorbei an einer Bauruine zum Parkplatz. Fazit: Au\u00dfer dem touristischen Hauptplatz mit entsprechenden Preisen, engen Gassen und einer &#8211; zugegeben &#8211; sch\u00f6nen Aussicht auf Montecatini Terme und die umliegenden H\u00fcgel, hat Montecatini Alto wenig zu bieten. Einen weiteren Besuch k\u00f6nnen wir uns sparen.<\/p>\n<p><img decoding=\"async\" src=\"https:\/\/ctrc9x8i6indg0vl.myfritz.net:85\/wordpress\/wp-content\/uploads\/2018\/08\/20180820_193018662587019260711297.jpg\" class=\"wp-image-3270 alignnone size-full\" width=\"1000\" height=\"1000\" srcset=\"https:\/\/cokalosa.xkpnc7d6bisxm3b6.myfritz.net\/blog\/wp-content\/uploads\/2018\/08\/20180820_193018662587019260711297.jpg 1000w, https:\/\/cokalosa.xkpnc7d6bisxm3b6.myfritz.net\/blog\/wp-content\/uploads\/2018\/08\/20180820_193018662587019260711297-100x100.jpg 100w, https:\/\/cokalosa.xkpnc7d6bisxm3b6.myfritz.net\/blog\/wp-content\/uploads\/2018\/08\/20180820_193018662587019260711297-240x240.jpg 240w, https:\/\/cokalosa.xkpnc7d6bisxm3b6.myfritz.net\/blog\/wp-content\/uploads\/2018\/08\/20180820_193018662587019260711297-768x768.jpg 768w, https:\/\/cokalosa.xkpnc7d6bisxm3b6.myfritz.net\/blog\/wp-content\/uploads\/2018\/08\/20180820_193018662587019260711297-960x960.jpg 960w\" sizes=\"(max-width: 767px) 89vw, (max-width: 1000px) 54vw, (max-width: 1071px) 543px, 580px\" \/><\/p>\n<p>Auf dem kurzen Heimweg schl\u00e4ft Lorena ein. Wir lassen sie im ge\u00f6ffneten Auto fast eine Stunde weiterschlafen bis sie sich meldet. W\u00e4hrenddessen machen wir eine ausgiebige Brotzeit, da der Trip nach Alto ja nicht den gew\u00fcnschten Erfolg brachte. Dann bekommt sie ihr Essen. Ob Mittagessen oder Nachmittagsbrei ist ihr dabei egal. Sie macht zum Gl\u00fcck alles problemlos mit und ist auch nicht auf bestimmte Essenszeiten festgelegt. Bei der Hitze trinkt sie aber mehr und isst daf\u00fcr weniger. Anschlie\u00dfend gehen wir an den Pool. Lorena hat Spa\u00df, ist aber wieder eher passiv. Oder bequem? Oder verw\u00f6hnt? Jedenfalls ist sie danach m\u00fcde, da sie insgesamt wenig geschlafen hat. Nur bl\u00f6d, dass es erst kurz vor 18:00 ist. Bis um 20:00 k\u00f6nnen wir sie nicht wach halten. Ich fahr mit ihr im Kinderwagen zum Spielplatz, in der Hoffnung, dass sie auf dem Weg dorthin einschl\u00e4ft. Das klappt nach einer kurzen Schaukeleinheit erst auf dem R\u00fcckweg. Wir geben ihr allerdings nur etwas mehr als 10 min, damit sie nicht schon zum Nachtschlaf ansetzen. Ein Fehler, wir sich sp\u00e4ter herausstellt. Der kurze Powernap hat ihr n\u00e4mlich so viel Energie gegeben, dass wir sie erst um kurz vor 21:30 mit M\u00fche ins Bett bekommen. Bis wir dann im Bett sind ist es 23:00.<\/p>\n","protected":false},"excerpt":{"rendered":"<p>Lorena schl\u00e4ft ab 5:00 sehr unruhig. Um 7:00 holen wir sie zu uns. Wir schaffen es nicht sie wieder einzuschl\u00e4fern. Anscheinend hat sie Schmerzen, da sie sich kr\u00fcmmt und immer wieder in die Froschposition geht. Um 8:15 stillt Cordula sie in den Schlaf und sie schl\u00e4ft in meinem Arm bis 10:20 weiter bis sie von &hellip; <\/p>\n<p class=\"link-more\"><a href=\"https:\/\/cokalosa.xkpnc7d6bisxm3b6.myfritz.net\/blog\/tag-05-20-08-2018-montecatini-alto-und-campingplatz-belsito\/\" class=\"more-link\"><span class=\"screen-reader-text\">\u201eTag 05, 20.08.2018, Montecatini Alto und Campingplatz Belsito\u201c<\/span> weiterlesen<\/a><\/p>\n","protected":false},"author":4,"featured_media":0,"comment_status":"open","ping_status":"open","sticky":false,"template":"","format":"standard","meta":[],"categories":[28],"tags":[],"_links":{"self":[{"href":"https:\/\/cokalosa.xkpnc7d6bisxm3b6.myfritz.net\/blog\/wp-json\/wp\/v2\/posts\/3256"}],"collection":[{"href":"https:\/\/cokalosa.xkpnc7d6bisxm3b6.myfritz.net\/blog\/wp-json\/wp\/v2\/posts"}],"about":[{"href":"https:\/\/cokalosa.xkpnc7d6bisxm3b6.myfritz.net\/blog\/wp-json\/wp\/v2\/types\/post"}],"author":[{"embeddable":true,"href":"https:\/\/cokalosa.xkpnc7d6bisxm3b6.myfritz.net\/blog\/wp-json\/wp\/v2\/users\/4"}],"replies":[{"embeddable":true,"href":"https:\/\/cokalosa.xkpnc7d6bisxm3b6.myfritz.net\/blog\/wp-json\/wp\/v2\/comments?post=3256"}],"version-history":[{"count":5,"href":"https:\/\/cokalosa.xkpnc7d6bisxm3b6.myfritz.net\/blog\/wp-json\/wp\/v2\/posts\/3256\/revisions"}],"predecessor-version":[{"id":3271,"href":"https:\/\/cokalosa.xkpnc7d6bisxm3b6.myfritz.net\/blog\/wp-json\/wp\/v2\/posts\/3256\/revisions\/3271"}],"wp:attachment":[{"href":"https:\/\/cokalosa.xkpnc7d6bisxm3b6.myfritz.net\/blog\/wp-json\/wp\/v2\/media?parent=3256"}],"wp:term":[{"taxonomy":"category","embeddable":true,"href":"https:\/\/cokalosa.xkpnc7d6bisxm3b6.myfritz.net\/blog\/wp-json\/wp\/v2\/categories?post=3256"},{"taxonomy":"post_tag","embeddable":true,"href":"https:\/\/cokalosa.xkpnc7d6bisxm3b6.myfritz.net\/blog\/wp-json\/wp\/v2\/tags?post=3256"}],"curies":[{"name":"wp","href":"https:\/\/api.w.org\/{rel}","templated":true}]}}