{"id":3228,"date":"2018-08-04T20:12:30","date_gmt":"2018-08-04T18:12:30","guid":{"rendered":"https:\/\/ctrc9x8i6indg0vl.myfritz.net:85\/wordpress\/?p=3228"},"modified":"2018-08-08T08:13:12","modified_gmt":"2018-08-08T06:13:12","slug":"baden-in-der-iller","status":"publish","type":"post","link":"https:\/\/cokalosa.xkpnc7d6bisxm3b6.myfritz.net\/blog\/baden-in-der-iller\/","title":{"rendered":"Baden in der Iller"},"content":{"rendered":"<p>Samstag Vormittag gehen wir f\u00fcr 2,5 Stunden mit Sabine und ihren Jungs zum Baden an die Iller. Wir waten durch das Wasser auf die baden-w\u00fcrttembergische Seite und machen uns es dort auf einer Kiesbank bequem. Lorena hat Spa\u00df im Wasser zu laufen und zu planschen.Schon irre, wie sich der Fluss \u00fcber das Jahr \u00fcber ver\u00e4ndert. Ich habe noch im Kopf als er vor paar Monaten mit reissender Geschwindigkeit rauschte, voll war und eine schnelle Str\u00f6mung hatte. Au\u00dferdem wird mir bewusst wie schnell die Zeit vergeht&#8230;Ich habe so viele Fotos von Lorena im Kinderwagen an der Iller gemacht auf meinen Spazierg\u00e4ngen. Jetzt ist sie schon so gro\u00df, dass sie dort badet und mit meiner Hilfe im Wasser l\u00e4uft.<img decoding=\"async\" class=\"size-full\" data-wpid=\"488\" src=\"https:\/\/ctrc9x8i6indg0vl.myfritz.net:85\/wordpress\/wp-content\/uploads\/2018\/08\/20180804_0953027205063598032727910.jpg\" \/><img decoding=\"async\" class=\"size-full\" data-wpid=\"489\" src=\"https:\/\/ctrc9x8i6indg0vl.myfritz.net:85\/wordpress\/wp-content\/uploads\/2018\/08\/20180804_1058503494285657297362752.jpg\" \/><\/p>\n","protected":false},"excerpt":{"rendered":"<p>Samstag Vormittag gehen wir f\u00fcr 2,5 Stunden mit Sabine und ihren Jungs zum Baden an die Iller. Wir waten durch das Wasser auf die baden-w\u00fcrttembergische Seite und machen uns es dort auf einer Kiesbank bequem. Lorena hat Spa\u00df im Wasser zu laufen und zu planschen.Schon irre, wie sich der Fluss \u00fcber das Jahr \u00fcber ver\u00e4ndert. &hellip; <\/p>\n<p class=\"link-more\"><a href=\"https:\/\/cokalosa.xkpnc7d6bisxm3b6.myfritz.net\/blog\/baden-in-der-iller\/\" class=\"more-link\"><span class=\"screen-reader-text\">\u201eBaden in der Iller\u201c<\/span> weiterlesen<\/a><\/p>\n","protected":false},"author":3,"featured_media":0,"comment_status":"open","ping_status":"open","sticky":false,"template":"","format":"standard","meta":[],"categories":[24],"tags":[],"_links":{"self":[{"href":"https:\/\/cokalosa.xkpnc7d6bisxm3b6.myfritz.net\/blog\/wp-json\/wp\/v2\/posts\/3228"}],"collection":[{"href":"https:\/\/cokalosa.xkpnc7d6bisxm3b6.myfritz.net\/blog\/wp-json\/wp\/v2\/posts"}],"about":[{"href":"https:\/\/cokalosa.xkpnc7d6bisxm3b6.myfritz.net\/blog\/wp-json\/wp\/v2\/types\/post"}],"author":[{"embeddable":true,"href":"https:\/\/cokalosa.xkpnc7d6bisxm3b6.myfritz.net\/blog\/wp-json\/wp\/v2\/users\/3"}],"replies":[{"embeddable":true,"href":"https:\/\/cokalosa.xkpnc7d6bisxm3b6.myfritz.net\/blog\/wp-json\/wp\/v2\/comments?post=3228"}],"version-history":[{"count":1,"href":"https:\/\/cokalosa.xkpnc7d6bisxm3b6.myfritz.net\/blog\/wp-json\/wp\/v2\/posts\/3228\/revisions"}],"predecessor-version":[{"id":3229,"href":"https:\/\/cokalosa.xkpnc7d6bisxm3b6.myfritz.net\/blog\/wp-json\/wp\/v2\/posts\/3228\/revisions\/3229"}],"wp:attachment":[{"href":"https:\/\/cokalosa.xkpnc7d6bisxm3b6.myfritz.net\/blog\/wp-json\/wp\/v2\/media?parent=3228"}],"wp:term":[{"taxonomy":"category","embeddable":true,"href":"https:\/\/cokalosa.xkpnc7d6bisxm3b6.myfritz.net\/blog\/wp-json\/wp\/v2\/categories?post=3228"},{"taxonomy":"post_tag","embeddable":true,"href":"https:\/\/cokalosa.xkpnc7d6bisxm3b6.myfritz.net\/blog\/wp-json\/wp\/v2\/tags?post=3228"}],"curies":[{"name":"wp","href":"https:\/\/api.w.org\/{rel}","templated":true}]}}