{"id":2992,"date":"2018-06-04T20:13:27","date_gmt":"2018-06-04T18:13:27","guid":{"rendered":"https:\/\/ctrc9x8i6indg0vl.myfritz.net:85\/wordpress\/?p=2992"},"modified":"2018-06-05T16:08:24","modified_gmt":"2018-06-05T14:08:24","slug":"erster-ausflug-mit-dem-fahrradanhaenger","status":"publish","type":"post","link":"https:\/\/cokalosa.xkpnc7d6bisxm3b6.myfritz.net\/blog\/erster-ausflug-mit-dem-fahrradanhaenger\/","title":{"rendered":"Erster Ausflug mit dem Fahrradanh\u00e4nger"},"content":{"rendered":"<p>Vormittags bin ich mit Lorena in die Krabbelgruppe. Auf dem Heimweg schl\u00e4ft sie ein (ca. um halb 12) und schl\u00e4ft bis kurz nach halb 2.vor dem Haus im Kinderwagen. Also machen wir ein sp\u00e4tes Mittagessen.<\/p>\n<p>Um 14.45 geht dann die erste Fahrt mit dem Fahrradanh\u00e4nger los.<\/p>\n<p><img decoding=\"async\" src=\"https:\/\/ctrc9x8i6indg0vl.myfritz.net:85\/wordpress\/wp-content\/uploads\/2018\/06\/20180604_1449118536012534707331759.jpg\" class=\"wp-image-2995 alignnone size-full\" width=\"756\" height=\"1008\" srcset=\"https:\/\/cokalosa.xkpnc7d6bisxm3b6.myfritz.net\/blog\/wp-content\/uploads\/2018\/06\/20180604_1449118536012534707331759.jpg 756w, https:\/\/cokalosa.xkpnc7d6bisxm3b6.myfritz.net\/blog\/wp-content\/uploads\/2018\/06\/20180604_1449118536012534707331759-75x100.jpg 75w, https:\/\/cokalosa.xkpnc7d6bisxm3b6.myfritz.net\/blog\/wp-content\/uploads\/2018\/06\/20180604_1449118536012534707331759-180x240.jpg 180w, https:\/\/cokalosa.xkpnc7d6bisxm3b6.myfritz.net\/blog\/wp-content\/uploads\/2018\/06\/20180604_1449118536012534707331759-720x960.jpg 720w\" sizes=\"(max-width: 706px) 89vw, (max-width: 767px) 82vw, 740px\" \/><\/p>\n<p>Lorena ist recht angespannt (sie h\u00e4lt Schnuller in der einen und Spielzeug in der anderen Hand die ganze Fahrt), erz\u00e4hlt und singt dann aber nach einer Weile und schaut interessiert nach drau\u00dfen.<\/p>\n<p>30 Minuten sp\u00e4ter kommen wir nach einer wundersch\u00f6nen Fahrt am Ludwigsfelder Baggersee an und treffen dort Maja mit Alma.<\/p>\n<p><img decoding=\"async\" src=\"https:\/\/ctrc9x8i6indg0vl.myfritz.net:85\/wordpress\/wp-content\/uploads\/2018\/06\/20180604_1657558029621695501597119.jpg\" class=\"alignnone size-full wp-image-2996\" width=\"756\" height=\"1008\" srcset=\"https:\/\/cokalosa.xkpnc7d6bisxm3b6.myfritz.net\/blog\/wp-content\/uploads\/2018\/06\/20180604_1657558029621695501597119.jpg 756w, https:\/\/cokalosa.xkpnc7d6bisxm3b6.myfritz.net\/blog\/wp-content\/uploads\/2018\/06\/20180604_1657558029621695501597119-75x100.jpg 75w, https:\/\/cokalosa.xkpnc7d6bisxm3b6.myfritz.net\/blog\/wp-content\/uploads\/2018\/06\/20180604_1657558029621695501597119-180x240.jpg 180w, https:\/\/cokalosa.xkpnc7d6bisxm3b6.myfritz.net\/blog\/wp-content\/uploads\/2018\/06\/20180604_1657558029621695501597119-720x960.jpg 720w\" sizes=\"(max-width: 706px) 89vw, (max-width: 767px) 82vw, 740px\" \/><\/p>\n<p>Wir baden und Lorena hat wieder Spa\u00df im Wasser.<\/p>\n<p>Auf der Heimfahrt schl\u00e4ft sie ein.<\/p>\n<p><img decoding=\"async\" src=\"https:\/\/ctrc9x8i6indg0vl.myfritz.net:85\/wordpress\/wp-content\/uploads\/2018\/06\/20180604_173741641476311129014972.jpg\" class=\"alignnone size-full wp-image-2997\" width=\"1224\" height=\"1632\" srcset=\"https:\/\/cokalosa.xkpnc7d6bisxm3b6.myfritz.net\/blog\/wp-content\/uploads\/2018\/06\/20180604_173741641476311129014972.jpg 1224w, https:\/\/cokalosa.xkpnc7d6bisxm3b6.myfritz.net\/blog\/wp-content\/uploads\/2018\/06\/20180604_173741641476311129014972-75x100.jpg 75w, https:\/\/cokalosa.xkpnc7d6bisxm3b6.myfritz.net\/blog\/wp-content\/uploads\/2018\/06\/20180604_173741641476311129014972-180x240.jpg 180w, https:\/\/cokalosa.xkpnc7d6bisxm3b6.myfritz.net\/blog\/wp-content\/uploads\/2018\/06\/20180604_173741641476311129014972-768x1024.jpg 768w, https:\/\/cokalosa.xkpnc7d6bisxm3b6.myfritz.net\/blog\/wp-content\/uploads\/2018\/06\/20180604_173741641476311129014972-720x960.jpg 720w\" sizes=\"(max-width: 767px) 89vw, (max-width: 1000px) 54vw, (max-width: 1071px) 543px, 580px\" \/><\/p>\n","protected":false},"excerpt":{"rendered":"<p>Vormittags bin ich mit Lorena in die Krabbelgruppe. Auf dem Heimweg schl\u00e4ft sie ein (ca. um halb 12) und schl\u00e4ft bis kurz nach halb 2.vor dem Haus im Kinderwagen. Also machen wir ein sp\u00e4tes Mittagessen. Um 14.45 geht dann die erste Fahrt mit dem Fahrradanh\u00e4nger los. Lorena ist recht angespannt (sie h\u00e4lt Schnuller in der &hellip; <\/p>\n<p class=\"link-more\"><a href=\"https:\/\/cokalosa.xkpnc7d6bisxm3b6.myfritz.net\/blog\/erster-ausflug-mit-dem-fahrradanhaenger\/\" class=\"more-link\"><span class=\"screen-reader-text\">\u201eErster Ausflug mit dem Fahrradanh\u00e4nger\u201c<\/span> weiterlesen<\/a><\/p>\n","protected":false},"author":3,"featured_media":0,"comment_status":"open","ping_status":"open","sticky":false,"template":"","format":"standard","meta":[],"categories":[24],"tags":[],"_links":{"self":[{"href":"https:\/\/cokalosa.xkpnc7d6bisxm3b6.myfritz.net\/blog\/wp-json\/wp\/v2\/posts\/2992"}],"collection":[{"href":"https:\/\/cokalosa.xkpnc7d6bisxm3b6.myfritz.net\/blog\/wp-json\/wp\/v2\/posts"}],"about":[{"href":"https:\/\/cokalosa.xkpnc7d6bisxm3b6.myfritz.net\/blog\/wp-json\/wp\/v2\/types\/post"}],"author":[{"embeddable":true,"href":"https:\/\/cokalosa.xkpnc7d6bisxm3b6.myfritz.net\/blog\/wp-json\/wp\/v2\/users\/3"}],"replies":[{"embeddable":true,"href":"https:\/\/cokalosa.xkpnc7d6bisxm3b6.myfritz.net\/blog\/wp-json\/wp\/v2\/comments?post=2992"}],"version-history":[{"count":2,"href":"https:\/\/cokalosa.xkpnc7d6bisxm3b6.myfritz.net\/blog\/wp-json\/wp\/v2\/posts\/2992\/revisions"}],"predecessor-version":[{"id":2998,"href":"https:\/\/cokalosa.xkpnc7d6bisxm3b6.myfritz.net\/blog\/wp-json\/wp\/v2\/posts\/2992\/revisions\/2998"}],"wp:attachment":[{"href":"https:\/\/cokalosa.xkpnc7d6bisxm3b6.myfritz.net\/blog\/wp-json\/wp\/v2\/media?parent=2992"}],"wp:term":[{"taxonomy":"category","embeddable":true,"href":"https:\/\/cokalosa.xkpnc7d6bisxm3b6.myfritz.net\/blog\/wp-json\/wp\/v2\/categories?post=2992"},{"taxonomy":"post_tag","embeddable":true,"href":"https:\/\/cokalosa.xkpnc7d6bisxm3b6.myfritz.net\/blog\/wp-json\/wp\/v2\/tags?post=2992"}],"curies":[{"name":"wp","href":"https:\/\/api.w.org\/{rel}","templated":true}]}}