{"id":2559,"date":"2017-12-26T23:53:06","date_gmt":"2017-12-26T22:53:06","guid":{"rendered":"https:\/\/ctrc9x8i6indg0vl.myfritz.net:85\/wordpress\/?p=2559"},"modified":"2018-01-06T16:33:13","modified_gmt":"2018-01-06T15:33:13","slug":"weihnachtsfamilytrip","status":"publish","type":"post","link":"https:\/\/cokalosa.xkpnc7d6bisxm3b6.myfritz.net\/blog\/weihnachtsfamilytrip\/","title":{"rendered":"Weihnachtsfamilytrip"},"content":{"rendered":"<p>Nach dem tollen und ruhigen Heiligen Abend brechen wir am Montag, 25.12.2017, vollgepackt um kurz nach 11:00 auf nach Neus\u00e4\u00df. Zum Mittagessen mit der kompletten H\u00fcbner-Familie gibt es Schweinefilet mit Bohnen, Sp\u00e4tzle und Salat. Nach dem Essen sind Maximilian und Sarah etwas aufgedreht und Lorena bekommt Sarahs fr\u00f6hliches Gekreische nicht so ganz. Sie schreit sich etwas in Rage, weshalb Cordula und ich mit Lorena eine Runde durch den Lohwald spazieren gehen. Das traumhafte Wetter l\u00e4dt auch richtig dazu ein.<\/p>\n<p>Lorena beruhigt sich schnell, schl\u00e4ft ein, wacht aber wieder zur\u00fcck beim Kaffee schnell auf und schreit viel. Nachdem Silke, Christian, Sarah und Maximilian gegangen sind, wird Lorena endlich etwas ruhiger. Sie schl\u00e4ft im Auto ein, als wir um kurz nach 17:30 in Richtung Windsbach losfahren.<\/p>\n<p><img decoding=\"async\" data-wpid=\"93\" src=\"https:\/\/ctrc9x8i6indg0vl.myfritz.net:85\/wordpress\/wp-content\/uploads\/2018\/01\/img_20180103_2118481026165499.png\" class=\"size-full\"><\/p>\n<p>Um 19:30 kommen wir im E-Werk (Vereinsheim des M\u00e4nnergesangsvereins Windsbach) an, wo Carmen ihren 30. Geburtstag feiert. Lorena hat noch eine l\u00e4ngere Wachphase, ist aber eigentlich ziemlich am Ende. Nach dem leckeren Essen (Schnitzel, Schaschlik, Sch\u00e4ufele, Pommes, Salate) dreh ich mit ihr eine l\u00e4ngere Kinderwagenrunde und wir lassen sie in der Wiege im Erdgescho\u00df in einem Nebenraum stehen. Das Handy-Babyphone hat zwar keinen Empfang, aber Lorena l\u00e4sst uns in &#8222;Ruhe&#8220; bis um kurz vor 3:00 feiern. Es werden Weihnachtslieder gesungen, getrunken (vor allem von Carmen) und getanzt. Nach der tollen Feier fahren wir zu Carmens Eltern, um in Dominiks Zimmer zu schlafen. Bei der ganzen Rumr\u00e4umerei wird Lorena wach und Cordula bringt sie mit viel M\u00fche erst nach einer Stunde wieder in den Schlaf, w\u00e4hrend mein Ar*** in der Ritze des Sofas h\u00e4ngt und ich deshalb kaum schlafe. Die Nacht war also f\u00fcr uns alle nicht so toll. In der Fr\u00fch kommt Carmen ein und braucht etwas f\u00fcr ihren Bruder, der Probleme mit dem Mieten hat und dem es echt schlecht geht. Ihr selber geht es alkoholbedingt auch eher bescheiden. Wir bleiben noch eine Weile im Bett, spielen mit Lorena und lauschen ihrem fr\u00f6hlichen Gebrabbel. Nach dem &#8222;Fr\u00fch&#8220;st\u00fcck bekommen wir noch Salat und Sch\u00e4ufele und fahren nach K\u00f6nigshofen, wo wir um 14:00 ankommen. Opa ist sichtlich ger\u00fchrt als er Lorena das erste Mal sieht. Oma schaut nicht so gut aus und regt sich kaum. Wir machen das Sch\u00e4ufele warm, essen und plaudern. Um kurz vor 17:00 machen wir uns auf den Heimweg. Kurz bevor wir die Autobahn erreichen, bekommt Cordula eine Mail von ihrer Mutter. Wir fahren also doch nicht nach Hause sondern wieder nach Windsbach. Wir sind froh, dass sie doch noch Kraft daf\u00fcr gesammelt hat. Sie freut sich sehr dar\u00fcber, dass sie zum ersten Mal eines ihrer drei Enkelkinder sieht. Wir wollten eigentlich um 21:00 wieder fahren, aber wie zu erwarten wird es dann doch kurz nach 22:00. Daheim sind wir um kurz vor 24:00. Wie die n\u00e4chsten Tage zeigen, hat unsere Kleine die &#8222;Strapazen&#8220; ganz gut weggesteckt, obwohl wir so viel unterwegs waren, viel Trubel um sie herum war und ihre Nachtruhe zwei N\u00e4chte nacheinander unterbrochen wurde.<\/p>\n<p><img decoding=\"async\" data-wpid=\"94\" src=\"https:\/\/ctrc9x8i6indg0vl.myfritz.net:85\/wordpress\/wp-content\/uploads\/2018\/01\/img_20180103_185453582891207.png\" class=\"size-full\"><\/p>\n","protected":false},"excerpt":{"rendered":"<p>Nach dem tollen und ruhigen Heiligen Abend brechen wir am Montag, 25.12.2017, vollgepackt um kurz nach 11:00 auf nach Neus\u00e4\u00df. Zum Mittagessen mit der kompletten H\u00fcbner-Familie gibt es Schweinefilet mit Bohnen, Sp\u00e4tzle und Salat. Nach dem Essen sind Maximilian und Sarah etwas aufgedreht und Lorena bekommt Sarahs fr\u00f6hliches Gekreische nicht so ganz. Sie schreit sich &hellip; <\/p>\n<p class=\"link-more\"><a href=\"https:\/\/cokalosa.xkpnc7d6bisxm3b6.myfritz.net\/blog\/weihnachtsfamilytrip\/\" class=\"more-link\"><span class=\"screen-reader-text\">\u201eWeihnachtsfamilytrip\u201c<\/span> weiterlesen<\/a><\/p>\n","protected":false},"author":4,"featured_media":0,"comment_status":"open","ping_status":"open","sticky":false,"template":"","format":"standard","meta":[],"categories":[14,24],"tags":[],"_links":{"self":[{"href":"https:\/\/cokalosa.xkpnc7d6bisxm3b6.myfritz.net\/blog\/wp-json\/wp\/v2\/posts\/2559"}],"collection":[{"href":"https:\/\/cokalosa.xkpnc7d6bisxm3b6.myfritz.net\/blog\/wp-json\/wp\/v2\/posts"}],"about":[{"href":"https:\/\/cokalosa.xkpnc7d6bisxm3b6.myfritz.net\/blog\/wp-json\/wp\/v2\/types\/post"}],"author":[{"embeddable":true,"href":"https:\/\/cokalosa.xkpnc7d6bisxm3b6.myfritz.net\/blog\/wp-json\/wp\/v2\/users\/4"}],"replies":[{"embeddable":true,"href":"https:\/\/cokalosa.xkpnc7d6bisxm3b6.myfritz.net\/blog\/wp-json\/wp\/v2\/comments?post=2559"}],"version-history":[{"count":3,"href":"https:\/\/cokalosa.xkpnc7d6bisxm3b6.myfritz.net\/blog\/wp-json\/wp\/v2\/posts\/2559\/revisions"}],"predecessor-version":[{"id":2568,"href":"https:\/\/cokalosa.xkpnc7d6bisxm3b6.myfritz.net\/blog\/wp-json\/wp\/v2\/posts\/2559\/revisions\/2568"}],"wp:attachment":[{"href":"https:\/\/cokalosa.xkpnc7d6bisxm3b6.myfritz.net\/blog\/wp-json\/wp\/v2\/media?parent=2559"}],"wp:term":[{"taxonomy":"category","embeddable":true,"href":"https:\/\/cokalosa.xkpnc7d6bisxm3b6.myfritz.net\/blog\/wp-json\/wp\/v2\/categories?post=2559"},{"taxonomy":"post_tag","embeddable":true,"href":"https:\/\/cokalosa.xkpnc7d6bisxm3b6.myfritz.net\/blog\/wp-json\/wp\/v2\/tags?post=2559"}],"curies":[{"name":"wp","href":"https:\/\/api.w.org\/{rel}","templated":true}]}}