{"id":2478,"date":"2017-12-07T10:42:47","date_gmt":"2017-12-07T09:42:47","guid":{"rendered":"https:\/\/ctrc9x8i6indg0vl.myfritz.net:85\/wordpress\/?p=2478"},"modified":"2017-12-08T21:08:54","modified_gmt":"2017-12-08T20:08:54","slug":"donnerstag","status":"publish","type":"post","link":"https:\/\/cokalosa.xkpnc7d6bisxm3b6.myfritz.net\/blog\/donnerstag\/","title":{"rendered":"Donnerstag"},"content":{"rendered":"<p>Wir hatten wieder eine prima Nacht und sind sehr gl\u00fccklich \u00fcber unser so braves Kind.<\/p>\n<p>Beim Wickeln am Morgen ist sie immer besonders fr\u00f6hlich.<\/p>\n<p><img decoding=\"async\" class=\"size-full\" data-wpid=\"230\" src=\"https:\/\/ctrc9x8i6indg0vl.myfritz.net:85\/wordpress\/wp-content\/uploads\/2017\/12\/20171207_0932072063351281.jpg\"><\/p>\n<p>Heute ist Neuer\u00f6ffnung vom Iller-Center also machen wir M\u00e4dels einen Spaziergang&#8230;dauert dann etwas l\u00e4nger&#8230;zum Gl\u00fcck haben wir eine gro\u00dfe Transportfl\u00e4che im Kinderwagen. Lorena bekommt nur nicht so viel mit von dem Shoppingspaziergang, obwohl wir auch f\u00fcr sie einkaufen.<\/p>\n<p>Wir glauben Lorena zahnt schon. Das Schreien von gestern und heute auch wieder kurz deutet auf Schmerzen hin. Au\u00dferdem kaut sie auf Kais Finger als ich von der Kosmetik heimkomme (habe mir heute eine Auszeit geg\u00f6nnt \ud83d\ude42 ).<\/p>\n<div style=\"width: 525px;\" class=\"wp-video\"><!--[if lt IE 9]><script>document.createElement('video');<\/script><![endif]-->\n<video class=\"size-full\" id=\"video-2478-1\" width=\"525\" height=\"295\" preload=\"metadata\" controls=\"controls\"><source type=\"video\/mp4\" src=\"https:\/\/ctrc9x8i6indg0vl.myfritz.net:85\/wordpress\/wp-content\/uploads\/2017\/12\/20171207_182853_1.mp4?_=1\" \/><a href=\"https:\/\/ctrc9x8i6indg0vl.myfritz.net:85\/wordpress\/wp-content\/uploads\/2017\/12\/20171207_182853_1.mp4\">https:\/\/ctrc9x8i6indg0vl.myfritz.net:85\/wordpress\/wp-content\/uploads\/2017\/12\/20171207_182853_1.mp4<\/a><\/video><\/div>\n","protected":false},"excerpt":{"rendered":"<p>Wir hatten wieder eine prima Nacht und sind sehr gl\u00fccklich \u00fcber unser so braves Kind. Beim Wickeln am Morgen ist sie immer besonders fr\u00f6hlich. Heute ist Neuer\u00f6ffnung vom Iller-Center also machen wir M\u00e4dels einen Spaziergang&#8230;dauert dann etwas l\u00e4nger&#8230;zum Gl\u00fcck haben wir eine gro\u00dfe Transportfl\u00e4che im Kinderwagen. Lorena bekommt nur nicht so viel mit von dem &hellip; <\/p>\n<p class=\"link-more\"><a href=\"https:\/\/cokalosa.xkpnc7d6bisxm3b6.myfritz.net\/blog\/donnerstag\/\" class=\"more-link\"><span class=\"screen-reader-text\">\u201eDonnerstag\u201c<\/span> weiterlesen<\/a><\/p>\n","protected":false},"author":3,"featured_media":0,"comment_status":"open","ping_status":"open","sticky":false,"template":"","format":"standard","meta":[],"categories":[24],"tags":[],"_links":{"self":[{"href":"https:\/\/cokalosa.xkpnc7d6bisxm3b6.myfritz.net\/blog\/wp-json\/wp\/v2\/posts\/2478"}],"collection":[{"href":"https:\/\/cokalosa.xkpnc7d6bisxm3b6.myfritz.net\/blog\/wp-json\/wp\/v2\/posts"}],"about":[{"href":"https:\/\/cokalosa.xkpnc7d6bisxm3b6.myfritz.net\/blog\/wp-json\/wp\/v2\/types\/post"}],"author":[{"embeddable":true,"href":"https:\/\/cokalosa.xkpnc7d6bisxm3b6.myfritz.net\/blog\/wp-json\/wp\/v2\/users\/3"}],"replies":[{"embeddable":true,"href":"https:\/\/cokalosa.xkpnc7d6bisxm3b6.myfritz.net\/blog\/wp-json\/wp\/v2\/comments?post=2478"}],"version-history":[{"count":2,"href":"https:\/\/cokalosa.xkpnc7d6bisxm3b6.myfritz.net\/blog\/wp-json\/wp\/v2\/posts\/2478\/revisions"}],"predecessor-version":[{"id":2481,"href":"https:\/\/cokalosa.xkpnc7d6bisxm3b6.myfritz.net\/blog\/wp-json\/wp\/v2\/posts\/2478\/revisions\/2481"}],"wp:attachment":[{"href":"https:\/\/cokalosa.xkpnc7d6bisxm3b6.myfritz.net\/blog\/wp-json\/wp\/v2\/media?parent=2478"}],"wp:term":[{"taxonomy":"category","embeddable":true,"href":"https:\/\/cokalosa.xkpnc7d6bisxm3b6.myfritz.net\/blog\/wp-json\/wp\/v2\/categories?post=2478"},{"taxonomy":"post_tag","embeddable":true,"href":"https:\/\/cokalosa.xkpnc7d6bisxm3b6.myfritz.net\/blog\/wp-json\/wp\/v2\/tags?post=2478"}],"curies":[{"name":"wp","href":"https:\/\/api.w.org\/{rel}","templated":true}]}}