{"id":2343,"date":"2017-11-19T10:28:23","date_gmt":"2017-11-19T09:28:23","guid":{"rendered":"https:\/\/ctrc9x8i6indg0vl.myfritz.net:85\/wordpress\/?p=2343"},"modified":"2017-11-19T20:51:44","modified_gmt":"2017-11-19T19:51:44","slug":"sonntag","status":"publish","type":"post","link":"https:\/\/cokalosa.xkpnc7d6bisxm3b6.myfritz.net\/blog\/sonntag\/","title":{"rendered":"Sonntag"},"content":{"rendered":"<p>Vor 2 Tagen meinte Papa, dass 6 Uhr doch eine gute Zeit f\u00fcr Lorena w\u00e4re zum Aufwachen&#8230; Doch sie kennt halt nicht den Unterschied bei den Wochentagen. Sie ist schon kurz vor 6 Uhr hellwach in ihrem Bett. Sie strampelt und lacht. Dann wird gewickelt und sie l\u00e4sst ihren Bed\u00fcrfnissen freien Lauf. Deswegen gibt es schon so fr\u00fch am Morgen ein Bad unter dem Wasserhahn, das sie nat\u00fcrlich genie\u00dft. <img decoding=\"async\" class=\"size-full\" data-wpid=\"169\" src=\"https:\/\/ctrc9x8i6indg0vl.myfritz.net:85\/wordpress\/wp-content\/uploads\/2017\/11\/20171119_061601124775950.jpg\" \/> Wir wiegen Lorena. Sie wiegt ca.5,1 kg. Das Wetter ist super, also machen Mama und Tochter einen Spaziergang. Wir laufen heute eine neue Strecke in das &#8222;gallische Dorf&#8220; Sendens und schauen uns schon mal einen Spielplatz an zu dem wir n\u00e4chstes Jahr gehen werden. <img decoding=\"async\" class=\"size-full\" data-wpid=\"171\" src=\"https:\/\/ctrc9x8i6indg0vl.myfritz.net:85\/wordpress\/wp-content\/uploads\/2017\/11\/20171119_143243103801762.jpg\" \/> Wir sind auch hier am anderen Illerufer noch in Bayern. Abends schl\u00e4ft Lorena mal wieder nach dem Stillen auf mir ein. <img decoding=\"async\" class=\"size-full\" data-wpid=\"175\" src=\"https:\/\/ctrc9x8i6indg0vl.myfritz.net:85\/wordpress\/wp-content\/uploads\/2017\/11\/20171119_204547379627165.jpg\" \/><\/p>\n","protected":false},"excerpt":{"rendered":"<p>Vor 2 Tagen meinte Papa, dass 6 Uhr doch eine gute Zeit f\u00fcr Lorena w\u00e4re zum Aufwachen&#8230; Doch sie kennt halt nicht den Unterschied bei den Wochentagen. Sie ist schon kurz vor 6 Uhr hellwach in ihrem Bett. Sie strampelt und lacht. Dann wird gewickelt und sie l\u00e4sst ihren Bed\u00fcrfnissen freien Lauf. Deswegen gibt es &hellip; <\/p>\n<p class=\"link-more\"><a href=\"https:\/\/cokalosa.xkpnc7d6bisxm3b6.myfritz.net\/blog\/sonntag\/\" class=\"more-link\"><span class=\"screen-reader-text\">\u201eSonntag\u201c<\/span> weiterlesen<\/a><\/p>\n","protected":false},"author":3,"featured_media":0,"comment_status":"open","ping_status":"open","sticky":false,"template":"","format":"standard","meta":[],"categories":[24],"tags":[],"_links":{"self":[{"href":"https:\/\/cokalosa.xkpnc7d6bisxm3b6.myfritz.net\/blog\/wp-json\/wp\/v2\/posts\/2343"}],"collection":[{"href":"https:\/\/cokalosa.xkpnc7d6bisxm3b6.myfritz.net\/blog\/wp-json\/wp\/v2\/posts"}],"about":[{"href":"https:\/\/cokalosa.xkpnc7d6bisxm3b6.myfritz.net\/blog\/wp-json\/wp\/v2\/types\/post"}],"author":[{"embeddable":true,"href":"https:\/\/cokalosa.xkpnc7d6bisxm3b6.myfritz.net\/blog\/wp-json\/wp\/v2\/users\/3"}],"replies":[{"embeddable":true,"href":"https:\/\/cokalosa.xkpnc7d6bisxm3b6.myfritz.net\/blog\/wp-json\/wp\/v2\/comments?post=2343"}],"version-history":[{"count":4,"href":"https:\/\/cokalosa.xkpnc7d6bisxm3b6.myfritz.net\/blog\/wp-json\/wp\/v2\/posts\/2343\/revisions"}],"predecessor-version":[{"id":2353,"href":"https:\/\/cokalosa.xkpnc7d6bisxm3b6.myfritz.net\/blog\/wp-json\/wp\/v2\/posts\/2343\/revisions\/2353"}],"wp:attachment":[{"href":"https:\/\/cokalosa.xkpnc7d6bisxm3b6.myfritz.net\/blog\/wp-json\/wp\/v2\/media?parent=2343"}],"wp:term":[{"taxonomy":"category","embeddable":true,"href":"https:\/\/cokalosa.xkpnc7d6bisxm3b6.myfritz.net\/blog\/wp-json\/wp\/v2\/categories?post=2343"},{"taxonomy":"post_tag","embeddable":true,"href":"https:\/\/cokalosa.xkpnc7d6bisxm3b6.myfritz.net\/blog\/wp-json\/wp\/v2\/tags?post=2343"}],"curies":[{"name":"wp","href":"https:\/\/api.w.org\/{rel}","templated":true}]}}