{"id":2185,"date":"2017-09-25T22:30:50","date_gmt":"2017-09-25T20:30:50","guid":{"rendered":"https:\/\/ctrc9x8i6indg0vl.myfritz.net:85\/wordpress\/?p=2185"},"modified":"2017-10-19T12:55:30","modified_gmt":"2017-10-19T10:55:30","slug":"lorenas-geburt","status":"publish","type":"post","link":"https:\/\/cokalosa.xkpnc7d6bisxm3b6.myfritz.net\/blog\/lorenas-geburt\/","title":{"rendered":"Lorenas Geburt"},"content":{"rendered":"<p>Nach 8 Stunden Wehen erblickt Lorena Aurelia bei sch\u00f6nstem Wetter am 25.09.2017 um 8:01 Uhr das Licht der Welt. Mit 51cm und 3460 g ist sie statistisch gesehen ein absolutes Durchschnittskind. Nicht f\u00fcr uns. F\u00fcr uns ist sie das tollste Kind der Welt. Doch leider haben wir nicht lange etwas von ihr. Gut 20 min nach der problemlosen Geburt sind ihre H\u00e4ndchen eher bl\u00e4ulich als rosig. Ein Schnelltest ergibt, dass ihre Sauerstoffs\u00e4ttigung bei 75-80% liegt &#8211; statt mehr als 95%. Deshalb wird sie von Cordulas Brust weggenommen und ich halte ihr bis um 9:00 der Notarzt von der Uniklinik kommt reinen Sauerstoff vor. Lorena wird mitgenommen und auf der Intensivstation untergebracht. Cordula muss leider in Neu-Ulm bleiben. Diagnose: Lorena hat bei der Geburt gr\u00fcnes Fruchtwasser eingeatmet und sich so eine Infektion geholt. Die Entz\u00fcndungswerte sind leicht erh\u00f6ht und sie bekommt ein Antibiotikum per Infusion, eine Magensonde und gereinigte Luft \u00fcber ein Beatmungsger\u00e4t. Das klingt zwar schlimm und sieht auch so aus, aber sie ist in guten H\u00e4nden und wenn man die anderen Neugeborenen hier sieht (32 cm &#8222;gro\u00df&#8220; und 900 g &#8222;schwer&#8220;) geht&#8217;s uns echt gut. Den ganzen Tag spiel ich Milchtaxi und bring Cordulas abgepumpte Milch in die Kinderklinik nach Ulm. Am Abend ist Cordula sogar schon so fit, dass sie selber mit nach Ulm fahren und unser &#8222;kleines Wunder&#8220; bestaunen kann.<\/p>\n","protected":false},"excerpt":{"rendered":"<p>Nach 8 Stunden Wehen erblickt Lorena Aurelia bei sch\u00f6nstem Wetter am 25.09.2017 um 8:01 Uhr das Licht der Welt. Mit 51cm und 3460 g ist sie statistisch gesehen ein absolutes Durchschnittskind. Nicht f\u00fcr uns. F\u00fcr uns ist sie das tollste Kind der Welt. Doch leider haben wir nicht lange etwas von ihr. Gut 20 min &hellip; <\/p>\n<p class=\"link-more\"><a href=\"https:\/\/cokalosa.xkpnc7d6bisxm3b6.myfritz.net\/blog\/lorenas-geburt\/\" class=\"more-link\"><span class=\"screen-reader-text\">\u201eLorenas Geburt\u201c<\/span> weiterlesen<\/a><\/p>\n","protected":false},"author":4,"featured_media":0,"comment_status":"open","ping_status":"open","sticky":false,"template":"","format":"standard","meta":[],"categories":[24],"tags":[],"_links":{"self":[{"href":"https:\/\/cokalosa.xkpnc7d6bisxm3b6.myfritz.net\/blog\/wp-json\/wp\/v2\/posts\/2185"}],"collection":[{"href":"https:\/\/cokalosa.xkpnc7d6bisxm3b6.myfritz.net\/blog\/wp-json\/wp\/v2\/posts"}],"about":[{"href":"https:\/\/cokalosa.xkpnc7d6bisxm3b6.myfritz.net\/blog\/wp-json\/wp\/v2\/types\/post"}],"author":[{"embeddable":true,"href":"https:\/\/cokalosa.xkpnc7d6bisxm3b6.myfritz.net\/blog\/wp-json\/wp\/v2\/users\/4"}],"replies":[{"embeddable":true,"href":"https:\/\/cokalosa.xkpnc7d6bisxm3b6.myfritz.net\/blog\/wp-json\/wp\/v2\/comments?post=2185"}],"version-history":[{"count":1,"href":"https:\/\/cokalosa.xkpnc7d6bisxm3b6.myfritz.net\/blog\/wp-json\/wp\/v2\/posts\/2185\/revisions"}],"predecessor-version":[{"id":2186,"href":"https:\/\/cokalosa.xkpnc7d6bisxm3b6.myfritz.net\/blog\/wp-json\/wp\/v2\/posts\/2185\/revisions\/2186"}],"wp:attachment":[{"href":"https:\/\/cokalosa.xkpnc7d6bisxm3b6.myfritz.net\/blog\/wp-json\/wp\/v2\/media?parent=2185"}],"wp:term":[{"taxonomy":"category","embeddable":true,"href":"https:\/\/cokalosa.xkpnc7d6bisxm3b6.myfritz.net\/blog\/wp-json\/wp\/v2\/categories?post=2185"},{"taxonomy":"post_tag","embeddable":true,"href":"https:\/\/cokalosa.xkpnc7d6bisxm3b6.myfritz.net\/blog\/wp-json\/wp\/v2\/tags?post=2185"}],"curies":[{"name":"wp","href":"https:\/\/api.w.org\/{rel}","templated":true}]}}