{"id":1869,"date":"2017-02-27T18:44:03","date_gmt":"2017-02-27T17:44:03","guid":{"rendered":"https:\/\/ctrc9x8i6indg0vl.myfritz.net:85\/wordpress\/?p=1869"},"modified":"2017-04-21T08:02:39","modified_gmt":"2017-04-21T06:02:39","slug":"konzert-elias-im-herkulessaal-in-muenchen-20-11-2016","status":"publish","type":"post","link":"https:\/\/cokalosa.xkpnc7d6bisxm3b6.myfritz.net\/blog\/konzert-elias-im-herkulessaal-in-muenchen-20-11-2016\/","title":{"rendered":"Konzert &#8218;Elias&#8216; im Herkulessaal in M\u00fcnchen &#8211; 20.11.2016"},"content":{"rendered":"<p>Benni dirigiert im Herkulessaal den\u00a0 &#8222;Elias&#8220; von Mendelsohn Bartholdy<\/p>\n<p><!--more--><\/p>\n<figure id=\"attachment_1884\" aria-describedby=\"caption-attachment-1884\" style=\"width: 300px\" class=\"wp-caption alignright\"><a href=\"https:\/\/ctrc9x8i6indg0vl.myfritz.net:85\/wordpress\/wp-content\/uploads\/2017\/02\/2016-11-20_um_19-17-57.jpg\"><img decoding=\"async\" class=\"wp-image-1884 size-medium\" src=\"https:\/\/ctrc9x8i6indg0vl.myfritz.net:85\/wordpress\/wp-content\/uploads\/2017\/02\/2016-11-20_um_19-17-57-300x225.jpg\" width=\"300\" height=\"225\" \/><\/a><figcaption id=\"caption-attachment-1884\" class=\"wp-caption-text\">Wir haben Spa\u00df und&#8230;<\/figcaption><\/figure>\n<p>Am Sonntag, 20.11.2016, sind wir nach M\u00fcnchen gefahren, um Benni beim Dirigieren zuzusehen und Aurelius beim Singen zuzuh\u00f6ren. Im Herkulessaal stand das Oratorium &#8222;Elias&#8220; von Felix Mendelssohn Bartholdy auf dem Programm. &#8222;\u00dcberw\u00e4ltigend&#8220; w\u00e4re \u00fcbertrieben, aber ich fand es wirklich ganz gut&#8230; \ud83d\ude42<\/p>\n<figure id=\"attachment_1883\" aria-describedby=\"caption-attachment-1883\" style=\"width: 300px\" class=\"wp-caption alignleft\"><a href=\"https:\/\/ctrc9x8i6indg0vl.myfritz.net:85\/wordpress\/wp-content\/uploads\/2017\/02\/2016-11-20_um_19-11-21-2.jpg\"><img decoding=\"async\" class=\"wp-image-1883 size-medium\" src=\"https:\/\/ctrc9x8i6indg0vl.myfritz.net:85\/wordpress\/wp-content\/uploads\/2017\/02\/2016-11-20_um_19-11-21-2-300x169.jpg\" width=\"300\" height=\"169\" \/><\/a><figcaption id=\"caption-attachment-1883\" class=\"wp-caption-text\">&#8230;Benni muss arbeiten.<\/figcaption><\/figure>\n","protected":false},"excerpt":{"rendered":"<p>Benni dirigiert im Herkulessaal den\u00a0 &#8222;Elias&#8220; von Mendelsohn Bartholdy<\/p>\n","protected":false},"author":4,"featured_media":0,"comment_status":"open","ping_status":"open","sticky":false,"template":"","format":"standard","meta":[],"categories":[14],"tags":[],"_links":{"self":[{"href":"https:\/\/cokalosa.xkpnc7d6bisxm3b6.myfritz.net\/blog\/wp-json\/wp\/v2\/posts\/1869"}],"collection":[{"href":"https:\/\/cokalosa.xkpnc7d6bisxm3b6.myfritz.net\/blog\/wp-json\/wp\/v2\/posts"}],"about":[{"href":"https:\/\/cokalosa.xkpnc7d6bisxm3b6.myfritz.net\/blog\/wp-json\/wp\/v2\/types\/post"}],"author":[{"embeddable":true,"href":"https:\/\/cokalosa.xkpnc7d6bisxm3b6.myfritz.net\/blog\/wp-json\/wp\/v2\/users\/4"}],"replies":[{"embeddable":true,"href":"https:\/\/cokalosa.xkpnc7d6bisxm3b6.myfritz.net\/blog\/wp-json\/wp\/v2\/comments?post=1869"}],"version-history":[{"count":4,"href":"https:\/\/cokalosa.xkpnc7d6bisxm3b6.myfritz.net\/blog\/wp-json\/wp\/v2\/posts\/1869\/revisions"}],"predecessor-version":[{"id":1935,"href":"https:\/\/cokalosa.xkpnc7d6bisxm3b6.myfritz.net\/blog\/wp-json\/wp\/v2\/posts\/1869\/revisions\/1935"}],"wp:attachment":[{"href":"https:\/\/cokalosa.xkpnc7d6bisxm3b6.myfritz.net\/blog\/wp-json\/wp\/v2\/media?parent=1869"}],"wp:term":[{"taxonomy":"category","embeddable":true,"href":"https:\/\/cokalosa.xkpnc7d6bisxm3b6.myfritz.net\/blog\/wp-json\/wp\/v2\/categories?post=1869"},{"taxonomy":"post_tag","embeddable":true,"href":"https:\/\/cokalosa.xkpnc7d6bisxm3b6.myfritz.net\/blog\/wp-json\/wp\/v2\/tags?post=1869"}],"curies":[{"name":"wp","href":"https:\/\/api.w.org\/{rel}","templated":true}]}}