{"id":1802,"date":"2016-11-02T23:11:28","date_gmt":"2016-11-02T21:11:28","guid":{"rendered":"https:\/\/ctrc9x8i6indg0vl.myfritz.net:85\/wordpress\/?p=1802"},"modified":"2017-04-22T16:49:57","modified_gmt":"2017-04-22T14:49:57","slug":"cux-tag-01-sonntag-30-10-2016","status":"publish","type":"post","link":"https:\/\/cokalosa.xkpnc7d6bisxm3b6.myfritz.net\/blog\/cux-tag-01-sonntag-30-10-2016\/","title":{"rendered":"Cux &#8211; Tag 01 &#8211; Sonntag, 30.10.2016"},"content":{"rendered":"<p>Nach Victorias Taufe am Samstag und einer Nacht bei Eva (Nachbarin von Benni und Luise) auf dem Klappbett bekommen wir \u00fcberraschenderweise noch ein m\u00e4chtiges Fr\u00fchst\u00fcck und fahren gegen 9:30 los in Richtung Norden. Wir liefern Sigrid daheim ab und fahren \u00fcber fast leere Autobahnen und einige Kilometer Landstra\u00dfe nach Eisenach. Die Wartburg erreichen wir um 13:45. Wir entscheiden uns f\u00fcr die ungef\u00fchrte Tour (5\u20ac p.P.) ohne Palas, sehen uns die Kunstsammlung und die interessante Sonderausstellung &#8222;Luther und die deutsche Sprache&#8220; sowie die Lutherstube an. Anschlie\u00dfend gehen wir noch auf den S\u00fcdturm, um eine tolle Aussicht auf die Burganlage und den Th\u00fcringer Wald zu haben.<\/p>\n<p><span id=\"img_container_1478427851321\" class=\"img_container\"><\/span><a href=\"https:\/\/ctrc9x8i6indg0vl.myfritz.net:85\/wordpress\/wp-content\/uploads\/2016\/11\/20161030_15125301.jpg.jpg\"><img decoding=\"async\" class=\"aligncenter wp-image-1852 size-medium\" style=\"font-size: 16px;\" src=\"https:\/\/ctrc9x8i6indg0vl.myfritz.net:85\/wordpress\/wp-content\/uploads\/2016\/11\/20161030_15125301.jpg-300x225.jpg\" alt=\"\" width=\"300\" height=\"225\" \/><\/a><\/p>\n<p><span style=\"font-size: 16px;\">Bei der Weiterfahrt gegen 16:00 sind wir uns einig, dass sich dieser Abstecher &#8211; passenderweise am Tag vor dem Reformationstag &#8211; voll gelohnt hat.<\/span><br \/>\nIn Cux kommen wir aufgrund von 5km z\u00e4hflie\u00dfendem Verkehr kurz hinter Hannover erst um 20:50 an, laden das Auto aus und heizen das k\u00fchle H\u00e4uschen richtig ein. Die Nacht wird frisch&#8230;<\/p>\n","protected":false},"excerpt":{"rendered":"<p>Nach Victorias Taufe am Samstag und einer Nacht bei Eva (Nachbarin von Benni und Luise) auf dem Klappbett bekommen wir \u00fcberraschenderweise noch ein m\u00e4chtiges Fr\u00fchst\u00fcck und fahren gegen 9:30 los in Richtung Norden. Wir liefern Sigrid daheim ab und fahren \u00fcber fast leere Autobahnen und einige Kilometer Landstra\u00dfe nach Eisenach. Die Wartburg erreichen wir um &hellip; <\/p>\n<p class=\"link-more\"><a href=\"https:\/\/cokalosa.xkpnc7d6bisxm3b6.myfritz.net\/blog\/cux-tag-01-sonntag-30-10-2016\/\" class=\"more-link\"><span class=\"screen-reader-text\">\u201eCux &#8211; Tag 01 &#8211; Sonntag, 30.10.2016\u201c<\/span> weiterlesen<\/a><\/p>\n","protected":false},"author":4,"featured_media":0,"comment_status":"open","ping_status":"open","sticky":false,"template":"","format":"standard","meta":[],"categories":[21],"tags":[],"_links":{"self":[{"href":"https:\/\/cokalosa.xkpnc7d6bisxm3b6.myfritz.net\/blog\/wp-json\/wp\/v2\/posts\/1802"}],"collection":[{"href":"https:\/\/cokalosa.xkpnc7d6bisxm3b6.myfritz.net\/blog\/wp-json\/wp\/v2\/posts"}],"about":[{"href":"https:\/\/cokalosa.xkpnc7d6bisxm3b6.myfritz.net\/blog\/wp-json\/wp\/v2\/types\/post"}],"author":[{"embeddable":true,"href":"https:\/\/cokalosa.xkpnc7d6bisxm3b6.myfritz.net\/blog\/wp-json\/wp\/v2\/users\/4"}],"replies":[{"embeddable":true,"href":"https:\/\/cokalosa.xkpnc7d6bisxm3b6.myfritz.net\/blog\/wp-json\/wp\/v2\/comments?post=1802"}],"version-history":[{"count":5,"href":"https:\/\/cokalosa.xkpnc7d6bisxm3b6.myfritz.net\/blog\/wp-json\/wp\/v2\/posts\/1802\/revisions"}],"predecessor-version":[{"id":2109,"href":"https:\/\/cokalosa.xkpnc7d6bisxm3b6.myfritz.net\/blog\/wp-json\/wp\/v2\/posts\/1802\/revisions\/2109"}],"wp:attachment":[{"href":"https:\/\/cokalosa.xkpnc7d6bisxm3b6.myfritz.net\/blog\/wp-json\/wp\/v2\/media?parent=1802"}],"wp:term":[{"taxonomy":"category","embeddable":true,"href":"https:\/\/cokalosa.xkpnc7d6bisxm3b6.myfritz.net\/blog\/wp-json\/wp\/v2\/categories?post=1802"},{"taxonomy":"post_tag","embeddable":true,"href":"https:\/\/cokalosa.xkpnc7d6bisxm3b6.myfritz.net\/blog\/wp-json\/wp\/v2\/tags?post=1802"}],"curies":[{"name":"wp","href":"https:\/\/api.w.org\/{rel}","templated":true}]}}