{"id":1290,"date":"2016-04-01T22:56:40","date_gmt":"2016-04-01T20:56:40","guid":{"rendered":"https:\/\/ctrc9x8i6indg0vl.myfritz.net:85\/wordpress\/?p=1290"},"modified":"2016-04-01T22:56:40","modified_gmt":"2016-04-01T20:56:40","slug":"skiurlaub-2016-scheffau-am-wilden-kaiser-hotel-waldhof","status":"publish","type":"post","link":"https:\/\/cokalosa.xkpnc7d6bisxm3b6.myfritz.net\/blog\/skiurlaub-2016-scheffau-am-wilden-kaiser-hotel-waldhof\/","title":{"rendered":"Skiurlaub 2016 &#8211; Scheffau am Wilden Kaiser &#8211; Hotel Waldhof"},"content":{"rendered":"<p><strong>Tag 1 (06.02.2016):<\/strong><br \/>\nNach einigem Hin- und Her\u00fcberlegen haben wir uns entschieden um 5:30 Uhr zu starten. Es wurde dann doch 5:45 Uhr. Die Viertelstunde Versp\u00e4tung bereuten wir, als wir zwischen M\u00fcnchen und Inntal-Dreieck in den stockenden Verkehr gerieten. Insgesamt hatten wir aber noch Gl\u00fcck und kamen um kurz nach 8:00 an der Unterkunft an. Umziehen, Karten kaufen (168,50 \u20ac pro Person pro 4 Tage) und ab auf die Piste bei wolkenlosem Himmel und -3\u00b0C. Oben am Berg in der Sonne herrschten jedoch schon Plusgrade. Die ersten Abfahrten in unverspurten H\u00e4ngen waren aber echt geil! Gegen Mittag trafen wir uns mit Susan und Tobi am Hotel. Eine kurze Pause war nach den vielen flotten Abfahrten auch dringend n\u00f6tig. Zu viert ging&#8217;s dann entspannter weiter. Nach einem tollen Skitag bezogen wir die Zimmer und gingen in die Sauna und danach zum Essen: Bauernbuffet. Gute Auswahl, gute Qualit\u00e4t, von Bauern weit und breite keine Spur.<\/p>\n<p><strong>Tag 2 (07.02.2016):<\/strong><br \/>\nFr\u00fchst\u00fcck und los. Das Wetter ist immer noch top und bleibt es auch den ganzen Tag. Abends dann wieder Sauna, Essen, Bett.<\/p>\n<p><strong>Tag 3 (08.02.2016):<\/strong><br \/>\nsiehe Tag 2<\/p>\n<p><strong>Tag 4 (09.02.2016):<\/strong><br \/>\nWieder Fr\u00fchst\u00fcck und los. Wieder bei Sonne Heute wollen wir die Skiwelt bis an ihre Grenzen (Kitzb\u00fchel) testen und machen uns auf den Weg zum Gampenkogel. Alles l\u00e4uft prima bis sich Susan verf\u00e4hrt und eine Abzweigung verpasst. Das bedeutet eine nochmalige Liftfahrt und kostet uns \u2013 wie sich sp\u00e4ter herausstellen wird \u2013 wertvolle Minuten. Die Abfahrt \u201eKi-West\u201c nach Usterberg ist sch\u00f6n, lang, aber unten sehr sulzig. Im Tal angekommen wird es Zeit f\u00fcr den R\u00fcckweg. Aber nicht ohne einen Zwischenstop in der Fleidingalm, wo Tobi sich seinen Burger reinzieht. Angesichts des zunehmenden Windes bef\u00fcrchtet der Wirt, dass eine Gondel zugemacht wird, was f\u00fcr ihn einen Einnahmenausfall und f\u00fcr uns den Heimwegausfall bedeuten w\u00fcrde. Also ab ins Tal nach Westendorf. Dort angekommen sehen wir schon eine m\u00e4chtige Schlange an der Gondel. Es dauert knapp 30min bis wir endlich in der Gondel sitzen, die wegen des Windes sehr langsam f\u00e4hrt. Langsam wird es eng mit dm R\u00fcckweg, da wir auch noch von Brixen nach Ellmau m\u00fcssen und es schon nach 15:00 Uhr ist. Jetzt k\u00f6nnten wir die Viertelstunde von vorhin gut gebrauchen&#8230; Vor der langen Abfahrt nach Brixen gehen die M\u00e4dels noch auf&#8217;s Klo und Tobi sieht beim Vorausfahren, wir jemand beim zum Sturm angewachsenen Wind fast von der Piste geblasen wird. In Brixen weht komischerweise fast gar kein Wind und wir kommen um 16:28 Uhr am Osthang-Lift (Nr. 64, schlie\u00dft um 16:30) an. Die Sonne ist mittlerweile hinter Schleierwolken verschwunden. Gegen 16:45 Uhr sind wir am Hotel und steuern sofort die Apres-Skibar an. Der gelungene Abschluss eines aufregenden Tages. Der Saunagang f\u00e4llt dementsprechend k\u00fcrzer aus.<\/p>\n<p><strong>Tag 5 (10.02.2016):<\/strong><br \/>\nWas f\u00fcr ein Gl\u00fcck. Es schneit bzw. schneeregnet und wir reisen ab. Wir checken um kurz nach 9:00 Uhr aus, haben Gl\u00fcck mit dem Verkehr und kommen ohne Verz\u00f6gerungen nach Hause.<\/p>\n<style type=\"text\/css\">\n\t#foogallery-gallery-1292 .fg-image {\n        width: 150px;\n    }\n<\/style>\n\t\t\t\t<div class=\"foogallery foogallery-container foogallery-default foogallery-lightbox-foobox-free fg-gutter-10 fg-center fg-default fg-light fg-border-thin fg-shadow-small fg-loading-default fg-loaded-fade-in fg-hover-fade fg-hover-zoom fg-ready\" id=\"foogallery-gallery-1292\" data-foogallery=\"{&quot;item&quot;:{&quot;showCaptionTitle&quot;:true,&quot;showCaptionDescription&quot;:false},&quot;lazy&quot;:true}\" >\n\t<div class=\"fg-item fg-type-image fg-idle\"><figure class=\"fg-item-inner\"><a href=\"https:\/\/cokalosa.xkpnc7d6bisxm3b6.myfritz.net\/blog\/wp-content\/uploads\/2016\/04\/2016-02-06_um_08-49-47_Bild-019-1.jpg\" data-caption-title=\"Aufi auf&#039;n Berg\" data-attachment-id=\"1273\" data-type=\"image\" class=\"fg-thumb\"><span class=\"fg-image-wrap\"><img title=\"Aufi auf&#039;n Berg\" width=\"150\" height=\"150\" class=\"skip-lazy fg-image\" data-src-fg=\"https:\/\/cokalosa.xkpnc7d6bisxm3b6.myfritz.net\/blog\/wp-content\/uploads\/cache\/2016\/04\/2016-02-06_um_08-49-47_Bild-019-1\/3220096269.jpg\" src=\"data:image\/svg+xml,%3Csvg%20xmlns%3D%22http%3A%2F%2Fwww.w3.org%2F2000%2Fsvg%22%20width%3D%22150%22%20height%3D%22150%22%20viewBox%3D%220%200%20150%20150%22%3E%3C%2Fsvg%3E\" loading=\"eager\"><\/span><span class=\"fg-image-overlay\"><\/span><\/a><figcaption class=\"fg-caption\"><div class=\"fg-caption-inner\"><div class=\"fg-caption-title\">Aufi auf'n Berg<\/div><\/div><\/figcaption><\/figure><div class=\"fg-loader\"><\/div><\/div><div class=\"fg-item fg-type-image fg-idle\"><figure class=\"fg-item-inner\"><a href=\"https:\/\/cokalosa.xkpnc7d6bisxm3b6.myfritz.net\/blog\/wp-content\/uploads\/2016\/04\/2016-02-06_um_09-06-33_Bild-030-1.jpg\" data-caption-title=\"\u00dcber den Wolken...\" data-attachment-id=\"1275\" data-type=\"image\" class=\"fg-thumb\"><span class=\"fg-image-wrap\"><img title=\"\u00dcber den Wolken...\" width=\"150\" height=\"150\" class=\"skip-lazy fg-image\" data-src-fg=\"https:\/\/cokalosa.xkpnc7d6bisxm3b6.myfritz.net\/blog\/wp-content\/uploads\/cache\/2016\/04\/2016-02-06_um_09-06-33_Bild-030-1\/3233940267.jpg\" src=\"data:image\/svg+xml,%3Csvg%20xmlns%3D%22http%3A%2F%2Fwww.w3.org%2F2000%2Fsvg%22%20width%3D%22150%22%20height%3D%22150%22%20viewBox%3D%220%200%20150%20150%22%3E%3C%2Fsvg%3E\" loading=\"eager\"><\/span><span class=\"fg-image-overlay\"><\/span><\/a><figcaption class=\"fg-caption\"><div class=\"fg-caption-inner\"><div class=\"fg-caption-title\">\u00dcber den Wolken...<\/div><\/div><\/figcaption><\/figure><div class=\"fg-loader\"><\/div><\/div><div class=\"fg-item fg-type-image fg-idle\"><figure class=\"fg-item-inner\"><a href=\"https:\/\/cokalosa.xkpnc7d6bisxm3b6.myfritz.net\/blog\/wp-content\/uploads\/2016\/04\/2016-02-06_um_09-04-31_Bild-026-1.jpg\" data-caption-title=\"Sonne, Schnee, Spa\u00df\" data-attachment-id=\"1274\" data-type=\"image\" class=\"fg-thumb\"><span class=\"fg-image-wrap\"><img title=\"Sonne, Schnee, Spa\u00df\" width=\"150\" height=\"150\" class=\"skip-lazy fg-image\" data-src-fg=\"https:\/\/cokalosa.xkpnc7d6bisxm3b6.myfritz.net\/blog\/wp-content\/uploads\/cache\/2016\/04\/2016-02-06_um_09-04-31_Bild-026-1\/2282174914.jpg\" src=\"data:image\/svg+xml,%3Csvg%20xmlns%3D%22http%3A%2F%2Fwww.w3.org%2F2000%2Fsvg%22%20width%3D%22150%22%20height%3D%22150%22%20viewBox%3D%220%200%20150%20150%22%3E%3C%2Fsvg%3E\" loading=\"eager\"><\/span><span class=\"fg-image-overlay\"><\/span><\/a><figcaption class=\"fg-caption\"><div class=\"fg-caption-inner\"><div class=\"fg-caption-title\">Sonne, Schnee, Spa\u00df<\/div><\/div><\/figcaption><\/figure><div class=\"fg-loader\"><\/div><\/div><div class=\"fg-item fg-type-image fg-idle\"><figure class=\"fg-item-inner\"><a href=\"https:\/\/cokalosa.xkpnc7d6bisxm3b6.myfritz.net\/blog\/wp-content\/uploads\/2016\/04\/2016-02-08_um_10-01-47_Bild-086-1.jpg\" data-caption-title=\"Pistengaudi\" data-attachment-id=\"1278\" data-type=\"image\" class=\"fg-thumb\"><span class=\"fg-image-wrap\"><img title=\"Pistengaudi\" width=\"150\" height=\"150\" class=\"skip-lazy fg-image\" data-src-fg=\"https:\/\/cokalosa.xkpnc7d6bisxm3b6.myfritz.net\/blog\/wp-content\/uploads\/cache\/2016\/04\/2016-02-08_um_10-01-47_Bild-086-1\/3981639941.jpg\" src=\"data:image\/svg+xml,%3Csvg%20xmlns%3D%22http%3A%2F%2Fwww.w3.org%2F2000%2Fsvg%22%20width%3D%22150%22%20height%3D%22150%22%20viewBox%3D%220%200%20150%20150%22%3E%3C%2Fsvg%3E\" loading=\"eager\"><\/span><span class=\"fg-image-overlay\"><\/span><\/a><figcaption class=\"fg-caption\"><div class=\"fg-caption-inner\"><div class=\"fg-caption-title\">Pistengaudi<\/div><\/div><\/figcaption><\/figure><div class=\"fg-loader\"><\/div><\/div><div class=\"fg-item fg-type-image fg-idle\"><figure class=\"fg-item-inner\"><a href=\"https:\/\/cokalosa.xkpnc7d6bisxm3b6.myfritz.net\/blog\/wp-content\/uploads\/2016\/04\/2016-02-08_um_09-57-32_Bild-083-1.jpg\" data-caption-title=\"Pistengaudi\" data-attachment-id=\"1277\" data-type=\"image\" class=\"fg-thumb\"><span class=\"fg-image-wrap\"><img title=\"Pistengaudi\" width=\"150\" height=\"150\" class=\"skip-lazy fg-image\" data-src-fg=\"https:\/\/cokalosa.xkpnc7d6bisxm3b6.myfritz.net\/blog\/wp-content\/uploads\/cache\/2016\/04\/2016-02-08_um_09-57-32_Bild-083-1\/1682773666.jpg\" src=\"data:image\/svg+xml,%3Csvg%20xmlns%3D%22http%3A%2F%2Fwww.w3.org%2F2000%2Fsvg%22%20width%3D%22150%22%20height%3D%22150%22%20viewBox%3D%220%200%20150%20150%22%3E%3C%2Fsvg%3E\" loading=\"eager\"><\/span><span class=\"fg-image-overlay\"><\/span><\/a><figcaption class=\"fg-caption\"><div class=\"fg-caption-inner\"><div class=\"fg-caption-title\">Pistengaudi<\/div><\/div><\/figcaption><\/figure><div class=\"fg-loader\"><\/div><\/div><div class=\"fg-item fg-type-image fg-idle\"><figure class=\"fg-item-inner\"><a href=\"https:\/\/cokalosa.xkpnc7d6bisxm3b6.myfritz.net\/blog\/wp-content\/uploads\/2016\/04\/2016-02-06_um_09-15-18_Bild-040-1.jpg\" data-caption-title=\"In your face!\" data-attachment-id=\"1276\" data-type=\"image\" class=\"fg-thumb\"><span class=\"fg-image-wrap\"><img title=\"In your face!\" width=\"150\" height=\"150\" class=\"skip-lazy fg-image\" data-src-fg=\"https:\/\/cokalosa.xkpnc7d6bisxm3b6.myfritz.net\/blog\/wp-content\/uploads\/cache\/2016\/04\/2016-02-06_um_09-15-18_Bild-040-1\/2473153788.jpg\" src=\"data:image\/svg+xml,%3Csvg%20xmlns%3D%22http%3A%2F%2Fwww.w3.org%2F2000%2Fsvg%22%20width%3D%22150%22%20height%3D%22150%22%20viewBox%3D%220%200%20150%20150%22%3E%3C%2Fsvg%3E\" loading=\"eager\"><\/span><span class=\"fg-image-overlay\"><\/span><\/a><figcaption class=\"fg-caption\"><div class=\"fg-caption-inner\"><div class=\"fg-caption-title\">In your face!<\/div><\/div><\/figcaption><\/figure><div class=\"fg-loader\"><\/div><\/div><div class=\"fg-item fg-type-image fg-idle\"><figure class=\"fg-item-inner\"><a href=\"https:\/\/cokalosa.xkpnc7d6bisxm3b6.myfritz.net\/blog\/wp-content\/uploads\/2016\/04\/2016-02-10_um_07-43-09_Bild-108-1.jpg\" data-caption-title=\"Schlechtes Wetter am Abreisetag\" data-attachment-id=\"1279\" data-type=\"image\" class=\"fg-thumb\"><span class=\"fg-image-wrap\"><img title=\"Schlechtes Wetter am Abreisetag\" width=\"150\" height=\"150\" class=\"skip-lazy fg-image\" data-src-fg=\"https:\/\/cokalosa.xkpnc7d6bisxm3b6.myfritz.net\/blog\/wp-content\/uploads\/cache\/2016\/04\/2016-02-10_um_07-43-09_Bild-108-1\/1467566658.jpg\" src=\"data:image\/svg+xml,%3Csvg%20xmlns%3D%22http%3A%2F%2Fwww.w3.org%2F2000%2Fsvg%22%20width%3D%22150%22%20height%3D%22150%22%20viewBox%3D%220%200%20150%20150%22%3E%3C%2Fsvg%3E\" loading=\"eager\"><\/span><span class=\"fg-image-overlay\"><\/span><\/a><figcaption class=\"fg-caption\"><div class=\"fg-caption-inner\"><div class=\"fg-caption-title\">Schlechtes Wetter am Abreisetag<\/div><\/div><\/figcaption><\/figure><div class=\"fg-loader\"><\/div><\/div><\/div>\n\n","protected":false},"excerpt":{"rendered":"<p>Tag 1 (06.02.2016): Nach einigem Hin- und Her\u00fcberlegen haben wir uns entschieden um 5:30 Uhr zu starten. Es wurde dann doch 5:45 Uhr. Die Viertelstunde Versp\u00e4tung bereuten wir, als wir zwischen M\u00fcnchen und Inntal-Dreieck in den stockenden Verkehr gerieten. Insgesamt hatten wir aber noch Gl\u00fcck und kamen um kurz nach 8:00 an der Unterkunft an. &hellip; <\/p>\n<p class=\"link-more\"><a href=\"https:\/\/cokalosa.xkpnc7d6bisxm3b6.myfritz.net\/blog\/skiurlaub-2016-scheffau-am-wilden-kaiser-hotel-waldhof\/\" class=\"more-link\"><span class=\"screen-reader-text\">\u201eSkiurlaub 2016 &#8211; Scheffau am Wilden Kaiser &#8211; Hotel Waldhof\u201c<\/span> weiterlesen<\/a><\/p>\n","protected":false},"author":4,"featured_media":0,"comment_status":"open","ping_status":"open","sticky":false,"template":"","format":"standard","meta":[],"categories":[15],"tags":[],"_links":{"self":[{"href":"https:\/\/cokalosa.xkpnc7d6bisxm3b6.myfritz.net\/blog\/wp-json\/wp\/v2\/posts\/1290"}],"collection":[{"href":"https:\/\/cokalosa.xkpnc7d6bisxm3b6.myfritz.net\/blog\/wp-json\/wp\/v2\/posts"}],"about":[{"href":"https:\/\/cokalosa.xkpnc7d6bisxm3b6.myfritz.net\/blog\/wp-json\/wp\/v2\/types\/post"}],"author":[{"embeddable":true,"href":"https:\/\/cokalosa.xkpnc7d6bisxm3b6.myfritz.net\/blog\/wp-json\/wp\/v2\/users\/4"}],"replies":[{"embeddable":true,"href":"https:\/\/cokalosa.xkpnc7d6bisxm3b6.myfritz.net\/blog\/wp-json\/wp\/v2\/comments?post=1290"}],"version-history":[{"count":2,"href":"https:\/\/cokalosa.xkpnc7d6bisxm3b6.myfritz.net\/blog\/wp-json\/wp\/v2\/posts\/1290\/revisions"}],"predecessor-version":[{"id":1293,"href":"https:\/\/cokalosa.xkpnc7d6bisxm3b6.myfritz.net\/blog\/wp-json\/wp\/v2\/posts\/1290\/revisions\/1293"}],"wp:attachment":[{"href":"https:\/\/cokalosa.xkpnc7d6bisxm3b6.myfritz.net\/blog\/wp-json\/wp\/v2\/media?parent=1290"}],"wp:term":[{"taxonomy":"category","embeddable":true,"href":"https:\/\/cokalosa.xkpnc7d6bisxm3b6.myfritz.net\/blog\/wp-json\/wp\/v2\/categories?post=1290"},{"taxonomy":"post_tag","embeddable":true,"href":"https:\/\/cokalosa.xkpnc7d6bisxm3b6.myfritz.net\/blog\/wp-json\/wp\/v2\/tags?post=1290"}],"curies":[{"name":"wp","href":"https:\/\/api.w.org\/{rel}","templated":true}]}}